{"id":40622,"date":"2018-05-24T05:57:08","date_gmt":"2018-05-24T10:57:08","guid":{"rendered":"http:\/\/visionpeninsular.com\/mid\/?p=40622"},"modified":"2018-05-24T05:57:08","modified_gmt":"2018-05-24T10:57:08","slug":"los-titulos-profesionales-deben-verse-reflejados-en-los-empleos-carlos-joaquin","status":"publish","type":"post","link":"https:\/\/visionpeninsular.com\/mid\/los-titulos-profesionales-deben-verse-reflejados-en-los-empleos-carlos-joaquin\/","title":{"rendered":"Los t\u00edtulos profesionales deben verse reflejados en los empleos: Carlos Joaqu\u00edn"},"content":{"rendered":"<p>Durante los pr\u00f3ximos tres a\u00f1os, 45 mil j\u00f3venes quintanarroenses de educaci\u00f3n media superior tendr\u00e1n mejores oportunidades de incorporarse a la planta laboral de la industria tur\u00edstica con el apoyo del programa \u201cJ\u00f3venes a bordo\u201d, que se lanza como parte de la alianza firmada hoy entre el Gobierno del Estado de Quintana Roo y la International Youth Fundation.<\/p>\n<p>International Youth Fundation identifica las necesidades de las empresas, en sus vacantes, para preparar y vincular a los j\u00f3venes a ese campo laboral. Capacita a hombres y mujeres j\u00f3venes para ingresar a los mercados en crecimiento.<\/p>\n<p>A trav\u00e9s de la plataforma Talent Mapping podr\u00e1n cargar sus perfiles curriculares para que los reclutadores tengan la oportunidad de consultar una lista de egresados de preparatorias p\u00fablicas capacitados para el trabajo.<\/p>\n<p>\u201cPara mi gobierno, la juventud y la formaci\u00f3n profesional son importantes; he sido muy enf\u00e1tico en se\u00f1alar que los t\u00edtulos profesionales deben verse reflejados en los empleos, tanto en el norte como en el sur de la entidad\u201d, destac\u00f3 el gobernador Carlos Joaqu\u00edn en la ceremonia de lanzamiento del programa en Canc\u00fan.<\/p>\n<p>\u201cHemos avanzado en el incremento del desempe\u00f1o escolar, en la inversi\u00f3n para tener mejores espacios educativos, para que no haya un solo joven en Quintana Roo que se quede sin la posibilidad de seguir sus estudios hasta poder concluirlos. El proceso de cambio es lento, tenemos resultados, pero todav\u00eda nos falta m\u00e1s para disminuir la desigualdad generada por gobiernos anteriores\u201d, destac\u00f3 el gobernador de Quintana Roo.<\/p>\n<div class='share-to-whatsapp-wrapper'><div class='share-on-whsp'>Share on: <\/div><a data-text='Los t\u00edtulos profesionales deben verse reflejados en los empleos: Carlos Joaqu\u00edn' data-link='https:\/\/visionpeninsular.com\/mid\/los-titulos-profesionales-deben-verse-reflejados-en-los-empleos-carlos-joaquin\/' class='whatsapp-button whatsapp-share'>WhatsApp<\/a><div class='clear '><\/div><\/div>","protected":false},"excerpt":{"rendered":"<p>Durante los pr\u00f3ximos tres a\u00f1os, 45 mil j\u00f3venes quintanarroenses de educaci\u00f3n media superior tendr\u00e1n mejores oportunidades de incorporarse a la planta laboral de la industria tur\u00edstica con el apoyo del programa \u201cJ\u00f3venes a bordo\u201d, que se lanza como parte de la alianza firmada hoy entre el Gobierno del Estado de Quintana Roo y la International &hellip;<\/p>\n","protected":false},"author":1,"featured_media":40623,"comment_status":"open","ping_status":"open","sticky":false,"template":"","format":"standard","meta":{"_mi_skip_tracking":false},"categories":[47],"tags":[11091],"_links":{"self":[{"href":"https:\/\/visionpeninsular.com\/mid\/wp-json\/wp\/v2\/posts\/40622"}],"collection":[{"href":"https:\/\/visionpeninsular.com\/mid\/wp-json\/wp\/v2\/posts"}],"about":[{"href":"https:\/\/visionpeninsular.com\/mid\/wp-json\/wp\/v2\/types\/post"}],"author":[{"embeddable":true,"href":"https:\/\/visionpeninsular.com\/mid\/wp-json\/wp\/v2\/users\/1"}],"replies":[{"embeddable":true,"href":"https:\/\/visionpeninsular.com\/mid\/wp-json\/wp\/v2\/comments?post=40622"}],"version-history":[{"count":1,"href":"https:\/\/visionpeninsular.com\/mid\/wp-json\/wp\/v2\/posts\/40622\/revisions"}],"predecessor-version":[{"id":40624,"href":"https:\/\/visionpeninsular.com\/mid\/wp-json\/wp\/v2\/posts\/40622\/revisions\/40624"}],"wp:featuredmedia":[{"embeddable":true,"href":"https:\/\/visionpeninsular.com\/mid\/wp-json\/wp\/v2\/media\/40623"}],"wp:attachment":[{"href":"https:\/\/visionpeninsular.com\/mid\/wp-json\/wp\/v2\/media?parent=40622"}],"wp:term":[{"taxonomy":"category","embeddable":true,"href":"https:\/\/visionpeninsular.com\/mid\/wp-json\/wp\/v2\/categories?post=40622"},{"taxonomy":"post_tag","embeddable":true,"href":"https:\/\/visionpeninsular.com\/mid\/wp-json\/wp\/v2\/tags?post=40622"}],"curies":[{"name":"wp","href":"https:\/\/api.w.org\/{rel}","templated":true}]}}