{"id":40532,"date":"2018-05-22T05:39:21","date_gmt":"2018-05-22T10:39:21","guid":{"rendered":"http:\/\/visionpeninsular.com\/mid\/?p=40532"},"modified":"2018-05-22T05:39:21","modified_gmt":"2018-05-22T10:39:21","slug":"gestiona-gobernador-alejandro-moreno-cardenas-mas-apoyos-para-educacion","status":"publish","type":"post","link":"https:\/\/visionpeninsular.com\/mid\/gestiona-gobernador-alejandro-moreno-cardenas-mas-apoyos-para-educacion\/","title":{"rendered":"Gestiona Gobernador Alejandro Moreno C\u00e1rdenas m\u00e1s apoyos para educaci\u00f3n"},"content":{"rendered":"<p><strong>Ciudad de Mexico<\/strong>-. El gobernador Alejandro Moreno C\u00e1rdenas se reuni\u00f3 con el secretario federal de Educaci\u00f3n, Otto Granados Rold\u00e1n, para gestionar mayores recursos que aseguren este a\u00f1o el fortalecimiento de los programas de ense\u00f1anza acad\u00e9mica en el estado.<\/p>\n<p>Moreno C\u00e1rdenas y el titular de la SEP tambi\u00e9n evaluaron los avances de los programas de Transporte Escolar Gratuito, Google for Education, Servicio Profesional Docente y modernizaci\u00f3n de la infraestructura escolar.<\/p>\n<p>El mandatario campechano reconoci\u00f3 que con la reforma educativa que impuls\u00f3 el presidente Enrique Pe\u00f1a Nieto, durante su administraci\u00f3n se han alcanzado importantes resultados en la implementaci\u00f3n de proyectos que garantizan la ense\u00f1anza de calidad e igualdad de oportunidades para la ni\u00f1ez y juventud campechana.<\/p>\n<p>En tanto, Granados Rold\u00e1n ratific\u00f3 su compromiso de seguir apoyando las acciones innovadoras que se realizan en la entidad, para que se mantenga como l\u00edder en el desarrollo educativo del pa\u00eds.<\/p>\n<p>Durante la reuni\u00f3n de trabajo estuvo presente el secretario estatal de Educaci\u00f3n, Ricardo Medina Farf\u00e1n.<\/p>\n<div class='share-to-whatsapp-wrapper'><div class='share-on-whsp'>Share on: <\/div><a data-text='Gestiona Gobernador Alejandro Moreno C\u00e1rdenas m\u00e1s apoyos para educaci\u00f3n' data-link='https:\/\/visionpeninsular.com\/mid\/gestiona-gobernador-alejandro-moreno-cardenas-mas-apoyos-para-educacion\/' class='whatsapp-button whatsapp-share'>WhatsApp<\/a><div class='clear '><\/div><\/div>","protected":false},"excerpt":{"rendered":"<p>Ciudad de Mexico-. El gobernador Alejandro Moreno C\u00e1rdenas se reuni\u00f3 con el secretario federal de Educaci\u00f3n, Otto Granados Rold\u00e1n, para gestionar mayores recursos que aseguren este a\u00f1o el fortalecimiento de los programas de ense\u00f1anza acad\u00e9mica en el estado. Moreno C\u00e1rdenas y el titular de la SEP tambi\u00e9n evaluaron los avances de los programas de Transporte &hellip;<\/p>\n","protected":false},"author":1,"featured_media":38681,"comment_status":"open","ping_status":"open","sticky":false,"template":"","format":"standard","meta":{"_mi_skip_tracking":false},"categories":[45],"tags":[11065],"_links":{"self":[{"href":"https:\/\/visionpeninsular.com\/mid\/wp-json\/wp\/v2\/posts\/40532"}],"collection":[{"href":"https:\/\/visionpeninsular.com\/mid\/wp-json\/wp\/v2\/posts"}],"about":[{"href":"https:\/\/visionpeninsular.com\/mid\/wp-json\/wp\/v2\/types\/post"}],"author":[{"embeddable":true,"href":"https:\/\/visionpeninsular.com\/mid\/wp-json\/wp\/v2\/users\/1"}],"replies":[{"embeddable":true,"href":"https:\/\/visionpeninsular.com\/mid\/wp-json\/wp\/v2\/comments?post=40532"}],"version-history":[{"count":1,"href":"https:\/\/visionpeninsular.com\/mid\/wp-json\/wp\/v2\/posts\/40532\/revisions"}],"predecessor-version":[{"id":40533,"href":"https:\/\/visionpeninsular.com\/mid\/wp-json\/wp\/v2\/posts\/40532\/revisions\/40533"}],"wp:featuredmedia":[{"embeddable":true,"href":"https:\/\/visionpeninsular.com\/mid\/wp-json\/wp\/v2\/media\/38681"}],"wp:attachment":[{"href":"https:\/\/visionpeninsular.com\/mid\/wp-json\/wp\/v2\/media?parent=40532"}],"wp:term":[{"taxonomy":"category","embeddable":true,"href":"https:\/\/visionpeninsular.com\/mid\/wp-json\/wp\/v2\/categories?post=40532"},{"taxonomy":"post_tag","embeddable":true,"href":"https:\/\/visionpeninsular.com\/mid\/wp-json\/wp\/v2\/tags?post=40532"}],"curies":[{"name":"wp","href":"https:\/\/api.w.org\/{rel}","templated":true}]}}