{"id":40379,"date":"2018-05-18T07:30:13","date_gmt":"2018-05-18T12:30:13","guid":{"rendered":"http:\/\/visionpeninsular.com\/mid\/?p=40379"},"modified":"2018-05-18T07:30:13","modified_gmt":"2018-05-18T12:30:13","slug":"detienen-a-piromano-en-chetumal","status":"publish","type":"post","link":"https:\/\/visionpeninsular.com\/mid\/detienen-a-piromano-en-chetumal\/","title":{"rendered":"Detienen a pir\u00f3mano en Chetumal"},"content":{"rendered":"<p>Elementos de la Direcci\u00f3n de Tr\u00e1nsito, de la Secretar\u00eda de Seguridad P\u00fablica (SSP), detuvieron a una persona que presuntamente incendi\u00f3 un veh\u00edculo marca Volkswagen en la Calzada Veracruz con Boulevard Bah\u00eda, por lo que fue puesto a disposici\u00f3n de la Fiscal\u00eda General del Estado.<\/p>\n<p>Lo anterior derivado de una llamada de auxilio recibida en el n\u00famero de emergencias, en la que un ciudadano solicit\u00f3 el apoyo de las corporaciones policiacas, pues dos individuos en una motocicleta estaban incendiando su veh\u00edculo.<\/p>\n<p>En inmediata respuesta, los elementos estatales acudieron al lugar y observaron a dos sujetos que se daban a la fuga con las caracter\u00edsticas descritas por la v\u00edctima, por lo que sin perder de vista la unidad y a sus ocupantes procedieron a su persecuci\u00f3n, d\u00e1ndoles alcance cuadras m\u00e1s adelante.<\/p>\n<p>Los elementos estatales lograron la detenci\u00f3n de J.J.G.P., quien fue identificado por la v\u00edctima como una de las personas que hab\u00edan quemado su veh\u00edculo, por lo que fue puesto a disposici\u00f3n de la Fiscal\u00eda General del Estado por el delito de da\u00f1os.<\/p>\n<p>El otro sujeto, al verse descubierto, descendi\u00f3 de la unidad y logr\u00f3 internarse en un predio bald\u00edo, por lo que elementos de la Secretar\u00eda de Seguridad P\u00fablica armaron un operativo para dar con su paradero.<\/p>\n<div class='share-to-whatsapp-wrapper'><div class='share-on-whsp'>Share on: <\/div><a data-text='Detienen a pir\u00f3mano en Chetumal' data-link='https:\/\/visionpeninsular.com\/mid\/detienen-a-piromano-en-chetumal\/' class='whatsapp-button whatsapp-share'>WhatsApp<\/a><div class='clear '><\/div><\/div>","protected":false},"excerpt":{"rendered":"<p>Elementos de la Direcci\u00f3n de Tr\u00e1nsito, de la Secretar\u00eda de Seguridad P\u00fablica (SSP), detuvieron a una persona que presuntamente incendi\u00f3 un veh\u00edculo marca Volkswagen en la Calzada Veracruz con Boulevard Bah\u00eda, por lo que fue puesto a disposici\u00f3n de la Fiscal\u00eda General del Estado. Lo anterior derivado de una llamada de auxilio recibida en el &hellip;<\/p>\n","protected":false},"author":1,"featured_media":40380,"comment_status":"open","ping_status":"open","sticky":false,"template":"","format":"standard","meta":{"_mi_skip_tracking":false},"categories":[48],"tags":[11024],"_links":{"self":[{"href":"https:\/\/visionpeninsular.com\/mid\/wp-json\/wp\/v2\/posts\/40379"}],"collection":[{"href":"https:\/\/visionpeninsular.com\/mid\/wp-json\/wp\/v2\/posts"}],"about":[{"href":"https:\/\/visionpeninsular.com\/mid\/wp-json\/wp\/v2\/types\/post"}],"author":[{"embeddable":true,"href":"https:\/\/visionpeninsular.com\/mid\/wp-json\/wp\/v2\/users\/1"}],"replies":[{"embeddable":true,"href":"https:\/\/visionpeninsular.com\/mid\/wp-json\/wp\/v2\/comments?post=40379"}],"version-history":[{"count":1,"href":"https:\/\/visionpeninsular.com\/mid\/wp-json\/wp\/v2\/posts\/40379\/revisions"}],"predecessor-version":[{"id":40381,"href":"https:\/\/visionpeninsular.com\/mid\/wp-json\/wp\/v2\/posts\/40379\/revisions\/40381"}],"wp:featuredmedia":[{"embeddable":true,"href":"https:\/\/visionpeninsular.com\/mid\/wp-json\/wp\/v2\/media\/40380"}],"wp:attachment":[{"href":"https:\/\/visionpeninsular.com\/mid\/wp-json\/wp\/v2\/media?parent=40379"}],"wp:term":[{"taxonomy":"category","embeddable":true,"href":"https:\/\/visionpeninsular.com\/mid\/wp-json\/wp\/v2\/categories?post=40379"},{"taxonomy":"post_tag","embeddable":true,"href":"https:\/\/visionpeninsular.com\/mid\/wp-json\/wp\/v2\/tags?post=40379"}],"curies":[{"name":"wp","href":"https:\/\/api.w.org\/{rel}","templated":true}]}}