{"id":40255,"date":"2018-05-16T06:42:38","date_gmt":"2018-05-16T11:42:38","guid":{"rendered":"http:\/\/visionpeninsular.com\/mid\/?p=40255"},"modified":"2018-05-16T06:42:38","modified_gmt":"2018-05-16T11:42:38","slug":"internos-del-cereso-de-cancun-se-graduan-buscaran-vinculos-con-universidades","status":"publish","type":"post","link":"https:\/\/visionpeninsular.com\/mid\/internos-del-cereso-de-cancun-se-graduan-buscaran-vinculos-con-universidades\/","title":{"rendered":"Internos del Cereso de Canc\u00fan se grad\u00faan, buscar\u00e1n v\u00ednculos con universidades"},"content":{"rendered":"<p><strong>Canc\u00fan, Quintana Roo<\/strong>.- A trav\u00e9s del programa Permanente de Corporaci\u00f3n y Certificaci\u00f3n de Nivel Primaria y Secundaria \u00a0en el Cereso de Canc\u00fan, por parte del Instituto Estatal para la Educaci\u00f3n de J\u00f3venes y Adultos (IEEA), llevaron a cabo la entrega de certificaciones y reconocimientos a internos que concluyeron con \u00e9xito sus estudios.<\/p>\n<p>Alrededor de 32 reos lograron terminar sus estudios de nivel b\u00e1sico, tanto que a los reclusos se observaban alegres y con \u00e1nimo de seguir estudiando, por eso el director del Cereso de Canc\u00fan Jaime Rodr\u00edguez Mill\u00e1n, reitero que buscar\u00e1 la cercan\u00eda con universidades p\u00fablicas y privadas, para que se sumen a esta causa, y todos los presos tengan una carrera.<\/p>\n<blockquote><p>\u201cEs muy importante continuar con estos programas educativos, ya que as\u00ed motivamos al interno en acercarse a la sociedad, relacion\u00e1ndose con la ciudadan\u00eda as\u00ed \u00a0como ver de una manera diferente el futuro que tienen al estudiar\u201d, director del Cereso de Canc\u00fan Jaime Rodr\u00edguez Mill\u00e1n.<\/p><\/blockquote>\n<p>De igual modo, Julio de Jes\u00fas, coordinador de la IEEA Benito Ju\u00e1rez, habl\u00f3 al respecto afirmando su apoyo a estos programas, adem\u00e1s de brindar su compromiso para continuar gradando a m\u00e1s internos,<\/p>\n<blockquote><p>\u201cEs prioritario estimular este tipo de actividades, ya que acrecientan el autoestima del interno\u201d.<\/p><\/blockquote>\n<p>Por otra parte, Jorge Antonio Guti\u00e9rrez Cruz, uno de los 32 graduados expreso su sentir; \u201cme da mucho gusto que en el Cereso nos est\u00e1n permitiendo tomar clases y superarnos; yo antes era un borracho y drogadicto, pero gracias a las autoridades ahora soy diferente, esta certificaci\u00f3n se la dedico a Dios, ya que \u00e9l es el que me ayudo a salir de los malos pasos\u201d.<\/p>\n<p>Asimismo, Jes\u00fas Enrique Santiago Maga\u00f1a, coment\u00f3 que se siente muy contento ya que aunque est\u00e1n recluidos, las autoridades les dan la oportunidad de acabar con sus estudios, \u201cpor eso este logro se lo dedico a mi esposa e hijos, ya que ellos son mi motor a seguir\u201d<\/p>\n<div>\n<figure><\/figure>\n<\/div>\n<div class='share-to-whatsapp-wrapper'><div class='share-on-whsp'>Share on: <\/div><a data-text='Internos del Cereso de Canc\u00fan se grad\u00faan, buscar\u00e1n v\u00ednculos con universidades' data-link='https:\/\/visionpeninsular.com\/mid\/internos-del-cereso-de-cancun-se-graduan-buscaran-vinculos-con-universidades\/' class='whatsapp-button whatsapp-share'>WhatsApp<\/a><div class='clear '><\/div><\/div>","protected":false},"excerpt":{"rendered":"<p>Canc\u00fan, Quintana Roo.- A trav\u00e9s del programa Permanente de Corporaci\u00f3n y Certificaci\u00f3n de Nivel Primaria y Secundaria \u00a0en el Cereso de Canc\u00fan, por parte del Instituto Estatal para la Educaci\u00f3n de J\u00f3venes y Adultos (IEEA), llevaron a cabo la entrega de certificaciones y reconocimientos a internos que concluyeron con \u00e9xito sus estudios. Alrededor de 32 &hellip;<\/p>\n","protected":false},"author":1,"featured_media":40256,"comment_status":"open","ping_status":"open","sticky":false,"template":"","format":"standard","meta":{"_mi_skip_tracking":false},"categories":[48],"tags":[10740],"_links":{"self":[{"href":"https:\/\/visionpeninsular.com\/mid\/wp-json\/wp\/v2\/posts\/40255"}],"collection":[{"href":"https:\/\/visionpeninsular.com\/mid\/wp-json\/wp\/v2\/posts"}],"about":[{"href":"https:\/\/visionpeninsular.com\/mid\/wp-json\/wp\/v2\/types\/post"}],"author":[{"embeddable":true,"href":"https:\/\/visionpeninsular.com\/mid\/wp-json\/wp\/v2\/users\/1"}],"replies":[{"embeddable":true,"href":"https:\/\/visionpeninsular.com\/mid\/wp-json\/wp\/v2\/comments?post=40255"}],"version-history":[{"count":1,"href":"https:\/\/visionpeninsular.com\/mid\/wp-json\/wp\/v2\/posts\/40255\/revisions"}],"predecessor-version":[{"id":40257,"href":"https:\/\/visionpeninsular.com\/mid\/wp-json\/wp\/v2\/posts\/40255\/revisions\/40257"}],"wp:featuredmedia":[{"embeddable":true,"href":"https:\/\/visionpeninsular.com\/mid\/wp-json\/wp\/v2\/media\/40256"}],"wp:attachment":[{"href":"https:\/\/visionpeninsular.com\/mid\/wp-json\/wp\/v2\/media?parent=40255"}],"wp:term":[{"taxonomy":"category","embeddable":true,"href":"https:\/\/visionpeninsular.com\/mid\/wp-json\/wp\/v2\/categories?post=40255"},{"taxonomy":"post_tag","embeddable":true,"href":"https:\/\/visionpeninsular.com\/mid\/wp-json\/wp\/v2\/tags?post=40255"}],"curies":[{"name":"wp","href":"https:\/\/api.w.org\/{rel}","templated":true}]}}