{"id":3996,"date":"2016-05-20T08:39:24","date_gmt":"2016-05-20T13:39:24","guid":{"rendered":"http:\/\/visionpeninsular.com\/mid\/?p=3996"},"modified":"2016-05-20T08:41:20","modified_gmt":"2016-05-20T13:41:20","slug":"gongora-escalante-admite-haber-entregado-predio-al-por-esto-ahi-esta-es-un-tema-publico-nunca-ha-sido-un-tema-oculto-senala-a-reporteros","status":"publish","type":"post","link":"https:\/\/visionpeninsular.com\/mid\/gongora-escalante-admite-haber-entregado-predio-al-por-esto-ahi-esta-es-un-tema-publico-nunca-ha-sido-un-tema-oculto-senala-a-reporteros\/","title":{"rendered":"G\u00f3ngora Escalante admite haber entregado predio al Por Esto! &#8211; &#8220;Ah\u00ed est\u00e1. Es un tema p\u00fablico. Nunca ha sido un tema oculto&#8221;, se\u00f1ala a reporteros"},"content":{"rendered":"<p>El candidato del PRI a la gubernatura de Quintana Roo, Mauricio G\u00f3ngora Escalante, reconoci\u00f3 que siendo presidente municipal de Solidaridad (2011- 2013), otorg\u00f3 en donaci\u00f3n un predio a la Compa\u00f1\u00eda Editora Nuestra Am\u00e9rica, sociedad an\u00f3nima de capital variable, propietaria del peri\u00f3dico Por Esto!<\/p>\n<p>En el marco de una reuni\u00f3n con integrantes del Consejo Coordinador Empresarial del Caribe (CCE), el candidato de la coalici\u00f3n PRI-PVEM, Panal \u201cSomos Quintana Roo\u201d, asegur\u00f3 que para la donaci\u00f3n \u201cse cumpli\u00f3 con toda la absoluta legalidad\u201d ya que \u00e9sta fue aprobado por el Cabildo.<\/p>\n[EL \u2018REGALO SECRETO\u2019 DE MAURICIO AL POR ESTO!: Como Alcalde, candidato priista don\u00f3 a particular un predio de Solidaridad con valor de al menos 25 mdp]\n<p>\u2013 Ah\u00ed est\u00e1. Es un tema p\u00fablico. Nunca ha sido un tema oculto \u2013sostuvo el ex alcalde al ser cuestionado.<\/p>\n<p>\u2013 Candidato. \u00bfCu\u00e1l fue el objetivo de la donaci\u00f3n de un bien p\u00fablico a un particular?<\/p>\n<p>\u2013Ah\u00ed est\u00e1 el documento del Cabildo especificado. No tengo el documento a la mano pero con gusto lo hago llegar. Ah\u00ed est\u00e1n los acuerdos.<\/p>\n<p>\u2013Nos podr\u00eda decir \u00bfpor qu\u00e9 se regal\u00f3 un bien p\u00fablico a un privado durante su gobierno?<\/p>\n<p>\u2013Con gusto lo hago llegar. Hasta el cierre de edici\u00f3n, el documento se\u00f1alado por el candidato no fue entregado.<\/p>\n<p>El lunes, el portal digital Noticaribe y Luces del Sigo dieron a conocer que en abril de 2011, el ex presidente municipal otorg\u00f3 el bien p\u00fablico valuado en 23 millones de pesos a un medio de comunicaci\u00f3n af\u00edn a su actual campa\u00f1a, para lo cual, durante la vig\u00e9sima sexta sesi\u00f3n extraordinaria del Honorable Ayuntamiento de Solidaridad, Quintana Roo, aval\u00f3 su propuesta.<\/p>\n<p>El predio de 10 mil 650 metros cuadrados, est\u00e1 ubicado en la Regi\u00f3n 030, Supermanzana 075, Manzana 009, Lote 002, justo detr\u00e1s del hospital del IMSS, en la zona poniente de la ciudad, frente al nuevo edificio de la Procuradur\u00eda General de Justicia de Quintana Roo y en una zona donde se encuentran el edificio del Tribunal Superior de Justicia, as\u00ed como otras oficinas de Seguridad P\u00fablica, Protecci\u00f3n Civil y la Cruz Roja. A 17 d\u00edas de la elecci\u00f3n, el candidato declin\u00f3 hablar del da\u00f1o a su campa\u00f1a por las inconformidades que ha generado el gobierno actual de Roberto Borge Angulo.<\/p>\n<p>\u201cEso se va a ver el 5 de junio\u201d, respondi\u00f3. Tambi\u00e9n habl\u00f3 del caso de Malec\u00f3n Tajamar pero omiti\u00f3 definir si respalda o no a la activaci\u00f3n del mando \u00fanico declarado por el gobernador Borge para que polic\u00edas municipales y granaderos rodearan a un grupo de ambientalistas mientras decenas de m\u00e1quinas talaban m\u00e1s de 20 hect\u00e1reas de manglar. <\/p>\n<p>Fuente: Luces del Siglo<\/p>\n<div class='share-to-whatsapp-wrapper'><div class='share-on-whsp'>Share on: <\/div><a data-text='G\u00f3ngora Escalante admite haber entregado predio al Por Esto! - \"Ah\u00ed est\u00e1. Es un tema p\u00fablico. Nunca ha sido un tema oculto\", se\u00f1ala a reporteros' data-link='https:\/\/visionpeninsular.com\/mid\/gongora-escalante-admite-haber-entregado-predio-al-por-esto-ahi-esta-es-un-tema-publico-nunca-ha-sido-un-tema-oculto-senala-a-reporteros\/' class='whatsapp-button whatsapp-share'>WhatsApp<\/a><div class='clear '><\/div><\/div>","protected":false},"excerpt":{"rendered":"<p>El candidato del PRI a la gubernatura de Quintana Roo, Mauricio G\u00f3ngora Escalante, reconoci\u00f3 que siendo presidente municipal de Solidaridad (2011- 2013), otorg\u00f3 en donaci\u00f3n un predio a la Compa\u00f1\u00eda Editora Nuestra Am\u00e9rica, sociedad an\u00f3nima de capital variable, propietaria del peri\u00f3dico Por Esto! En el marco de una reuni\u00f3n con integrantes del Consejo Coordinador Empresarial &hellip;<\/p>\n","protected":false},"author":1,"featured_media":3634,"comment_status":"open","ping_status":"open","sticky":false,"template":"","format":"standard","meta":{"_mi_skip_tracking":false},"categories":[47,49],"tags":[320,631,376,810],"_links":{"self":[{"href":"https:\/\/visionpeninsular.com\/mid\/wp-json\/wp\/v2\/posts\/3996"}],"collection":[{"href":"https:\/\/visionpeninsular.com\/mid\/wp-json\/wp\/v2\/posts"}],"about":[{"href":"https:\/\/visionpeninsular.com\/mid\/wp-json\/wp\/v2\/types\/post"}],"author":[{"embeddable":true,"href":"https:\/\/visionpeninsular.com\/mid\/wp-json\/wp\/v2\/users\/1"}],"replies":[{"embeddable":true,"href":"https:\/\/visionpeninsular.com\/mid\/wp-json\/wp\/v2\/comments?post=3996"}],"version-history":[{"count":1,"href":"https:\/\/visionpeninsular.com\/mid\/wp-json\/wp\/v2\/posts\/3996\/revisions"}],"predecessor-version":[{"id":3997,"href":"https:\/\/visionpeninsular.com\/mid\/wp-json\/wp\/v2\/posts\/3996\/revisions\/3997"}],"wp:featuredmedia":[{"embeddable":true,"href":"https:\/\/visionpeninsular.com\/mid\/wp-json\/wp\/v2\/media\/3634"}],"wp:attachment":[{"href":"https:\/\/visionpeninsular.com\/mid\/wp-json\/wp\/v2\/media?parent=3996"}],"wp:term":[{"taxonomy":"category","embeddable":true,"href":"https:\/\/visionpeninsular.com\/mid\/wp-json\/wp\/v2\/categories?post=3996"},{"taxonomy":"post_tag","embeddable":true,"href":"https:\/\/visionpeninsular.com\/mid\/wp-json\/wp\/v2\/tags?post=3996"}],"curies":[{"name":"wp","href":"https:\/\/api.w.org\/{rel}","templated":true}]}}