{"id":39671,"date":"2018-05-02T06:09:10","date_gmt":"2018-05-02T11:09:10","guid":{"rendered":"http:\/\/visionpeninsular.com\/mid\/?p=39671"},"modified":"2018-05-02T06:09:10","modified_gmt":"2018-05-02T11:09:10","slug":"quintana-roo-primer-lugar-nacional-en-generacion-de-empleo-formal-carlos-joaquin","status":"publish","type":"post","link":"https:\/\/visionpeninsular.com\/mid\/quintana-roo-primer-lugar-nacional-en-generacion-de-empleo-formal-carlos-joaquin\/","title":{"rendered":"Quintana Roo primer lugar nacional en generaci\u00f3n de empleo formal: Carlos Joaqu\u00edn"},"content":{"rendered":"<p>El gobernador\u00a0Carlos Joaqu\u00edn Gonz\u00e1lez, dijo durante el D\u00eda del Trabajo que es\u00a0Quintana Roo el primer lugar nacional en generaci\u00f3n de empleo.<\/p>\n<p>Ante estas palabras,\u00a0el panorama laboral en la entidad va mejorando, de acuerdo al taxista Luis Raymundo Carrillo T\u00e9llez: \u201cla generaci\u00f3n de empleo debe fortalecerse en el sur, donde desde hace mucho tiempo hay un rezago social, hay un rezago de producci\u00f3n y hay un rezago de empleo, pero aplaudo la actitud del gobierno y creo que de la mano de \u00e9l podremos nosotros, en un momento dado, ma\u00f1ana estar satisfechos, pero hay que poner nuestro granito de arena.\u201d<\/p>\n<p>De la misma forma Joaqu\u00edn G\u00f3mez, joven trabajador croquista de Bacalar, expres\u00f3:<\/p>\n<p>\u201cSiento que poco a poco vamos mejorando con una nueva capacitaci\u00f3n para los trabajadores. Me da mucho gusto que siga as\u00ed, que -junto con el gobierno- continuemos adelante para seguir creciendo y que los trabajadores tengan m\u00e1s oportunidades y puedan llevar el sustento a sus hogares.\u201d<\/p>\n<p>Por su parte el gobernador Carlos Joaqu\u00edn Gonz\u00e1lez expres\u00f3 que el esfuerzo de los trabajadores quintanarroenses ha permitido el crecimiento de la entidad.<\/p>\n<blockquote><p>\u201cSu trabajo contribuye a este proyecto que, desde que asumimos el Gobierno del Estado, lo estamos haciendo juntos y se puede resumir diciendo: servir a las familias quintanarroenses\u201d, puntualiz\u00f3.<\/p><\/blockquote>\n<p>Al encabezar las actividades conmemorativas del D\u00eda del Trabajo, el gobernador de Quintana Roo inform\u00f3 que, en coordinaci\u00f3n con el IMSS (Instituto Mexicano del Seguro Social), el incremento entre diciembre de 2017 y marzo de 2018 represent\u00f3 un 5%, con lo que la entidad se coloc\u00f3 por encima de estados como Zacatecas y Sonora, que registraron un crecimiento del 4%.<\/p>\n<p>En el primer trimestre de este a\u00f1o, Quintana Roo se coloc\u00f3 en el primer lugar nacional en generaci\u00f3n de empleo formal al registrar 21 mil 086 nuevos empleos m\u00e1s que en diciembre de 2017 y llegar a 434 mil 918 dados de alta ante el Instituto Mexicano del Seguro Social (IMSS)\u201d, precis\u00f3 el gobernador Carlos Joaqu\u00edn.<\/p>\n<blockquote><p>\u201cLas cifras del IMSS se\u00f1alan que, al cierre del ejercicio de 2017, en el estado se contaban con 413 mil 832 empleos formales dados de alta\u201d, recalc\u00f3 Carlos Joaqu\u00edn ante dirigentes obreros reunidos en el Centro Internacional de Negocios de Chetumal para conmemorar el D\u00eda del Trabajo.<\/p><\/blockquote>\n<p>El mandatario expuso que para mejorar las condiciones laborales en el estado, esta administraci\u00f3n primero orden\u00f3 las finanzas, lo cual ha permitido pagar a terceros, como al FOVISSSTE y al ISSSTE, m\u00e1s de 400 millones de la deuda generada por pasadas administraciones.<\/p>\n<p>\u201cHemos avanzado, aunque los logros todav\u00eda son insuficientes. Es mucho lo que hay que hacer para que la gente tenga un crecimiento con calidad de vida, pero vamos por la direcci\u00f3n correcta y no vamos a parar\u201d, enfatiz\u00f3 Carlos Joaqu\u00edn al convivir con el sector laboral-obrero y sindical del estado.<\/p>\n<p>El gobernador dijo que el esfuerzo de los trabajadores quintanarroenses ha permitido el crecimiento de la entidad. \u201cSu trabajo contribuye a este proyecto que, desde que asumimos el Gobierno del Estado, lo estamos haciendo juntos y se puede resumir diciendo: servir a las familias quintanarroenses\u201d, expres\u00f3.<\/p>\n<p>Por su parte la secretaria del Trabajo y Previsi\u00f3n Social Catalina Portillo Navarro se\u00f1al\u00f3 que en Quintana Roo las autoridades laborales se esfuerzan cada d\u00eda para resolver y atender los problemas socioecon\u00f3micos y disminuir la desigualdad.<\/p>\n<p>Para lo cual se trabaja en los siguientes retos:<\/p>\n<ol>\n<li>La implementaci\u00f3n de los Centros de Conciliaci\u00f3n Laboral, organismos con personalidad jur\u00eddica y patrimonio propio de la administraci\u00f3n p\u00fablica estatal.<\/li>\n<li>Entregar a la federaci\u00f3n los registros sindicales y contratos colectivos de trabajo, cuando la normatividad lo requiera.<\/li>\n<li>Crear juzgados laborales, dependientes del Poder Judicial del Estado.<\/li>\n<\/ol>\n<blockquote><p>\u201cEn ese proceso de transici\u00f3n, tanto la Secretar\u00eda del Trabajo y Previsi\u00f3n Social, y la Junta Local de Conciliaci\u00f3n y Arbitraje seguir\u00e1n atendiendo los juicios individuales y colectivos\u201d, afirm\u00f3.<\/p><\/blockquote>\n<p>&nbsp;<\/p>\n<div class='share-to-whatsapp-wrapper'><div class='share-on-whsp'>Share on: <\/div><a data-text='Quintana Roo primer lugar nacional en generaci\u00f3n de empleo formal: Carlos Joaqu\u00edn' data-link='https:\/\/visionpeninsular.com\/mid\/quintana-roo-primer-lugar-nacional-en-generacion-de-empleo-formal-carlos-joaquin\/' class='whatsapp-button whatsapp-share'>WhatsApp<\/a><div class='clear '><\/div><\/div>","protected":false},"excerpt":{"rendered":"<p>El gobernador\u00a0Carlos Joaqu\u00edn Gonz\u00e1lez, dijo durante el D\u00eda del Trabajo que es\u00a0Quintana Roo el primer lugar nacional en generaci\u00f3n de empleo. Ante estas palabras,\u00a0el panorama laboral en la entidad va mejorando, de acuerdo al taxista Luis Raymundo Carrillo T\u00e9llez: \u201cla generaci\u00f3n de empleo debe fortalecerse en el sur, donde desde hace mucho tiempo hay un &hellip;<\/p>\n","protected":false},"author":1,"featured_media":39672,"comment_status":"open","ping_status":"open","sticky":false,"template":"","format":"standard","meta":{"_mi_skip_tracking":false},"categories":[47],"tags":[10831],"_links":{"self":[{"href":"https:\/\/visionpeninsular.com\/mid\/wp-json\/wp\/v2\/posts\/39671"}],"collection":[{"href":"https:\/\/visionpeninsular.com\/mid\/wp-json\/wp\/v2\/posts"}],"about":[{"href":"https:\/\/visionpeninsular.com\/mid\/wp-json\/wp\/v2\/types\/post"}],"author":[{"embeddable":true,"href":"https:\/\/visionpeninsular.com\/mid\/wp-json\/wp\/v2\/users\/1"}],"replies":[{"embeddable":true,"href":"https:\/\/visionpeninsular.com\/mid\/wp-json\/wp\/v2\/comments?post=39671"}],"version-history":[{"count":1,"href":"https:\/\/visionpeninsular.com\/mid\/wp-json\/wp\/v2\/posts\/39671\/revisions"}],"predecessor-version":[{"id":39673,"href":"https:\/\/visionpeninsular.com\/mid\/wp-json\/wp\/v2\/posts\/39671\/revisions\/39673"}],"wp:featuredmedia":[{"embeddable":true,"href":"https:\/\/visionpeninsular.com\/mid\/wp-json\/wp\/v2\/media\/39672"}],"wp:attachment":[{"href":"https:\/\/visionpeninsular.com\/mid\/wp-json\/wp\/v2\/media?parent=39671"}],"wp:term":[{"taxonomy":"category","embeddable":true,"href":"https:\/\/visionpeninsular.com\/mid\/wp-json\/wp\/v2\/categories?post=39671"},{"taxonomy":"post_tag","embeddable":true,"href":"https:\/\/visionpeninsular.com\/mid\/wp-json\/wp\/v2\/tags?post=39671"}],"curies":[{"name":"wp","href":"https:\/\/api.w.org\/{rel}","templated":true}]}}