{"id":39402,"date":"2018-04-25T17:15:03","date_gmt":"2018-04-25T22:15:03","guid":{"rendered":"http:\/\/visionpeninsular.com\/mid\/?p=39402"},"modified":"2018-04-25T17:15:03","modified_gmt":"2018-04-25T22:15:03","slug":"centenario-y-animaya-abriran-sus-puertas-con-motivo-del-dia-del-nino","status":"publish","type":"post","link":"https:\/\/visionpeninsular.com\/mid\/centenario-y-animaya-abriran-sus-puertas-con-motivo-del-dia-del-nino\/","title":{"rendered":"Centenario y Animaya abrir\u00e1n sus puertas con motivo del D\u00eda del Ni\u00f1o"},"content":{"rendered":"<p><em>Reuni\u00f3n de trabajo de la presidenta municipal con coordinadores generales<\/em><\/p>\n<p>La alcaldesa Mar\u00eda Fritz Sierra encabez\u00f3 una reuni\u00f3n de trabajo con los coordinadores generales del Ayuntamiento de M\u00e9rida en la que atendi\u00f3 diversos asuntos relacionados con diversos servicios p\u00fablicos, mercados, seguridad y los pr\u00f3ximos festejos municipales con motivo del D\u00eda del Ni\u00f1o.<\/p>\n<p>La reuni\u00f3n se realiz\u00f3 luego de la conmemoraci\u00f3n del D\u00eda del Empleado Municipal, en la que, entre otros asuntos, la presidenta municipal instruy\u00f3 al Coordinador de Funcionamiento Urbano, C\u00e9sar Boj\u00f3rquez Zapata, que con motivo de \u00e9stos festejos que caen en lunes, por \u00e9sta ocasi\u00f3n abran sus puertas los zool\u00f3gicos de El Centenario y Animaya, donde habr\u00e1n diversas festividades para los peque\u00f1os.<\/p>\n<p>En la reuni\u00f3n participaron Alvaro Juanes Laviada, C\u00e9sar Boj\u00f3rquez Zapata y Carolina C\u00e1rdenas Sosa, coordinadores generales Administraci\u00f3n, Funcionamiento Urbano y Pol\u00edtica Comunitaria, respectivamente. Tambi\u00e9n particip\u00f3 Aref Karam Esp\u00f3sitos, Juan Carlos Rosel Flores y Ignacio Puerto, directores de Desarrollo Urbano, Tesorer\u00eda y jefe del departamento jur\u00eddico de la Direcci\u00f3n de Gobernaci\u00f3n.<\/p>\n<p>El director de Servicios P\u00fablicos Municipales, Luis Jorge Montalvo Duarte inform\u00f3 que aunque hoy fue un d\u00eda inh\u00e1bil para los trabajadores del Ayuntamiento de M\u00e9rida se mantuvieron las guardias para continuar brindando atenci\u00f3n a la ciudad.<\/p>\n<p>Al respecto, inform\u00f3 que el servicio de recolecci\u00f3n de basura se llev\u00f3 al cabo de manera normal.<\/p>\n<p>En cuanto a los dem\u00e1s servicios, indic\u00f3 que se otorgaron en los siguientes horarios:<\/p>\n<p>\u2014Atenci\u00f3n de reportes de animales muertos, y Ayuntatel: de 8 a 16 horas. En cuanto al turno en la base poniente, este labor\u00f3 de 6 a 16 horas. El primer cuadro tuvo el horario normal de 6 de la ma\u00f1ana a 2 am.<\/p>\n<p>En alumbrado p\u00fablico se labor\u00f3\u00a0 normalmente en sus tres turnos que van de 7 a 14 horas, 15 a 22 horas y de 22 a 5:30 horas. El \u00e1rea de Drenaje, labor\u00f3 con dos cuadrillas de 6 a 18 horas y la Planta de Tratamiento de Aguas Residuales labor\u00f3\u00a0 de las 7 a las 19 horas.<\/p>\n<p>El Centro Municipal de Control Animal (CEMCA), como es costumbre, trabaj\u00f3 en horario normal de las 8 a las 16 horas.<\/p>\n<p>El departamento de\u00a0 Parques y Jardines labor\u00f3 con cuadrillas de corta y poda de \u00e1rboles, as\u00ed como de riego de avenidas en tres turnos en un horario de 6 a las 18 horas. El trabajo incluy\u00f3 limpieza de varios sitios, luego de los efectos de la vaguada y el frente fr\u00edo 46 que ayer entr\u00f3 a la ciudad.<\/p>\n<p>Adem\u00e1s, se mantiene la\u00a0 vigilancia en los parques Ecol\u00f3gico Poniente y Las Am\u00e9ricas.<\/p>\n<p>\u2014Los zool\u00f3gicos Animaya y Centenario abrieron de 6 am a 18 horas.<\/p>\n<div class='share-to-whatsapp-wrapper'><div class='share-on-whsp'>Share on: <\/div><a data-text='Centenario y Animaya abrir\u00e1n sus puertas con motivo del D\u00eda del Ni\u00f1o' data-link='https:\/\/visionpeninsular.com\/mid\/centenario-y-animaya-abriran-sus-puertas-con-motivo-del-dia-del-nino\/' class='whatsapp-button whatsapp-share'>WhatsApp<\/a><div class='clear '><\/div><\/div>","protected":false},"excerpt":{"rendered":"<p>Reuni\u00f3n de trabajo de la presidenta municipal con coordinadores generales La alcaldesa Mar\u00eda Fritz Sierra encabez\u00f3 una reuni\u00f3n de trabajo con los coordinadores generales del Ayuntamiento de M\u00e9rida en la que atendi\u00f3 diversos asuntos relacionados con diversos servicios p\u00fablicos, mercados, seguridad y los pr\u00f3ximos festejos municipales con motivo del D\u00eda del Ni\u00f1o. La reuni\u00f3n se &hellip;<\/p>\n","protected":false},"author":5,"featured_media":39403,"comment_status":"open","ping_status":"open","sticky":false,"template":"","format":"standard","meta":{"_mi_skip_tracking":false},"categories":[50,37],"tags":[10763,5011,331,9590],"_links":{"self":[{"href":"https:\/\/visionpeninsular.com\/mid\/wp-json\/wp\/v2\/posts\/39402"}],"collection":[{"href":"https:\/\/visionpeninsular.com\/mid\/wp-json\/wp\/v2\/posts"}],"about":[{"href":"https:\/\/visionpeninsular.com\/mid\/wp-json\/wp\/v2\/types\/post"}],"author":[{"embeddable":true,"href":"https:\/\/visionpeninsular.com\/mid\/wp-json\/wp\/v2\/users\/5"}],"replies":[{"embeddable":true,"href":"https:\/\/visionpeninsular.com\/mid\/wp-json\/wp\/v2\/comments?post=39402"}],"version-history":[{"count":1,"href":"https:\/\/visionpeninsular.com\/mid\/wp-json\/wp\/v2\/posts\/39402\/revisions"}],"predecessor-version":[{"id":39404,"href":"https:\/\/visionpeninsular.com\/mid\/wp-json\/wp\/v2\/posts\/39402\/revisions\/39404"}],"wp:featuredmedia":[{"embeddable":true,"href":"https:\/\/visionpeninsular.com\/mid\/wp-json\/wp\/v2\/media\/39403"}],"wp:attachment":[{"href":"https:\/\/visionpeninsular.com\/mid\/wp-json\/wp\/v2\/media?parent=39402"}],"wp:term":[{"taxonomy":"category","embeddable":true,"href":"https:\/\/visionpeninsular.com\/mid\/wp-json\/wp\/v2\/categories?post=39402"},{"taxonomy":"post_tag","embeddable":true,"href":"https:\/\/visionpeninsular.com\/mid\/wp-json\/wp\/v2\/tags?post=39402"}],"curies":[{"name":"wp","href":"https:\/\/api.w.org\/{rel}","templated":true}]}}