{"id":39349,"date":"2018-04-24T11:28:04","date_gmt":"2018-04-24T16:28:04","guid":{"rendered":"http:\/\/visionpeninsular.com\/mid\/?p=39349"},"modified":"2018-04-24T11:28:04","modified_gmt":"2018-04-24T16:28:04","slug":"la-esay-presenta-el-coloquio-nacional-pensar-la-escena-2018","status":"publish","type":"post","link":"https:\/\/visionpeninsular.com\/mid\/la-esay-presenta-el-coloquio-nacional-pensar-la-escena-2018\/","title":{"rendered":"La ESAY presenta el Coloquio Nacional \u201cPensar la Escena 2018\u201d"},"content":{"rendered":"<p>El Centro de Investigaciones Art\u00edsticas \u201cGer\u00f3nimo Baqueiro F\u00f3ster\u201d, fue la sede de la conferencia de prensa ofrecida por la Escuela Superior de Artes de Yucat\u00e1n (ESAY), durante la cual el director de la misma, Enrique Mart\u00edn Brice\u00f1o, dio a conocer las diferentes actividades que se llevar\u00e1n a cabo durante el Coloquio Nacional \u201cPensar la Escena 2018\u201d, que tendr\u00e1 lugar del 25 al 28 del presente mes.<\/p>\n<p>Durante el coloquio, se ofrecer\u00e1n conferencias magistrales, mesas de trabajo de diversas disciplinas y cursos, as\u00ed como eventos de artes visuales, teatro, m\u00fasica y danza, y en esta ocasi\u00f3n el repertorio ser\u00e1 mucho m\u00e1s amplio que en las ediciones anteriores, ya que se cuenta con la participaci\u00f3n de 60 ponentes, cuatro conferencias magistrales, y muestras art\u00edsticas.<\/p>\n<p>La directora de Artes Esc\u00e9nicas del ESAY, Ligia Barahona, record\u00f3 que el coloquio surgi\u00f3 de la Licenciatura en Teatro para acercar a las y los estudiantes a la investigaci\u00f3n y los temas te\u00f3ricos. A\u00f1adi\u00f3 que, tras varios a\u00f1os, se incluy\u00f3 a las \u00e1reas de M\u00fasica, Artes Visuales y Danza de la ESAY, con la finalidad de promover la reflexi\u00f3n y el intercambio de conocimientos en torno a las expresiones esc\u00e9nicas.<\/p>\n<p>La organizadora del coloquio, Ana Marrufo Heredia, se\u00f1al\u00f3 que entre los eventos acad\u00e9micos sobresale la conferencia magistral \u201cMujeres y teatro en la vida y obra de Cervantes\u201d, a cargo de la directora, actriz, dramaturga, pedagoga y gestora Natalia Men\u00e9ndez, el 25 de abril, a las 17:00 horas, en tanto \u00a0\u201cEl espejo idealizado: un siglo de \u00f3pera en M\u00e9xico\u201d, impartida por el doctor en musicolog\u00eda del Centro Nacional de Investigaci\u00f3n, Documentaci\u00f3n e Informaci\u00f3n Musical, Ricardo Miranda, el 26 de abril, a las 18:30 horas.<\/p>\n<p>La actriz Mayra S\u00e9rbulo dar\u00e1 a conocer su forma de trabajar con su charla \u201cM\u00e9todo S\u00e9rbulo\u201d, a las 14:15 horas, y al siguiente d\u00eda, a las 19:15 horas, el doctor en Historia y profesor de la Facultad de Filosof\u00eda y Letras de la Universidad Nacional Aut\u00f3noma de M\u00e9xico (UNAM), Oscar Armando Garc\u00eda, hablar\u00e1 sobre la \u201cTeor\u00eda y t\u00e9cnica teatral de Fernando Wagner\u201d.<\/p>\n<p>El 28 de abril, a las 11:30 horas, se presentar\u00e1 \u201cNotas para una cartograf\u00eda de la educaci\u00f3n art\u00edstica: una mirada de largo aliento\u201d, a cargo de la doctora en Pedagog\u00eda y experta del Instituto de Investigaciones sobre la Universidad y la Educaci\u00f3n, Mar\u00eda Esther Aguirre Lora. Previamente, a las 9:00 horas, la directora, actriz, dramaturga y gestora Natalia Men\u00e9ndez compartir\u00e1 su ponencia \u201cLa vida es sue\u00f1o: c\u00f3mo y qu\u00e9 dice\u201d.<\/p>\n<p>Marrufo Heredia se\u00f1al\u00f3 \u00a0la instalaci\u00f3n \u201cLas artes y sus espacios en el tiempo\u201d, conformada por im\u00e1genes de la Fototeca Pedro Guerra de la Universidad Aut\u00f3noma de Yucat\u00e1n. Adelant\u00f3 que \u00e9sta se inaugurar\u00e1 el jueves 26 de abril en las rejas de la ESAY, en la antigua estaci\u00f3n de ferrocarriles, a las 20:30 horas, y que permanecer\u00e1 all\u00ed durante un mes.<\/p>\n<p>A su vez, el director de Artes Musicales, Alvaro Vega D\u00edaz, apunt\u00f3 que el concierto Escenas de Espa\u00f1a y Rusia se llevar\u00e1 a cabo el 25 de abril en el Teatro \u201cJos\u00e9 Pe\u00f3n Contreras\u201d, a las 21:00 horas. Se trata, agreg\u00f3, de un repertorio con obras de Falla, Moreno Torroba y Aram Jachaturi\u00e1n.<\/p>\n<p>Ser\u00e1 una velada a cargo de la Orquesta Sinf\u00f3nica \u201cGustavo R\u00edo Escalante\u201d de la ESAY, bajo la direcci\u00f3n de Mar\u00eda Elena Mendiola y la participaci\u00f3n del Ballet de C\u00e1mara del Centro Estatal de Bellas Artes, coordinado por Rub\u00ed Montejo.<\/p>\n<p>La directora de Educaci\u00f3n Art\u00edstica y directora teatral, Xha\u00edl Espadas Ancona, anunci\u00f3 que se estrenar\u00e1 la obra \u201cDiego el mulato\u201d de Jos\u00e9 Antonio Cisneros el 28 de abril, a las 19:00 horas, en el Teatro del Seguro Social \u201cDr. Joaqu\u00edn Jim\u00e9nez Trava\u201d.<\/p>\n<p>El director del \u201cGer\u00f3nimo Baqueiro F\u00f3ster\u201d, Marco D\u00edaz G\u00fc\u00e9mez, a\u00f1adi\u00f3 que el encuentro se lleva a cabo ante la iniciativa de un grupo interdisciplinario, compuesto por varios acad\u00e9micos de la ESAY, que establecen una vinculaci\u00f3n amplia con varias instituciones como el Fondo Nacional Para la Cultura y las Artes.<\/p>\n<p>&nbsp;<\/p>\n<p>&nbsp;<\/p>\n<div class='share-to-whatsapp-wrapper'><div class='share-on-whsp'>Share on: <\/div><a data-text='La ESAY presenta el Coloquio Nacional \u201cPensar la Escena 2018\u201d' data-link='https:\/\/visionpeninsular.com\/mid\/la-esay-presenta-el-coloquio-nacional-pensar-la-escena-2018\/' class='whatsapp-button whatsapp-share'>WhatsApp<\/a><div class='clear '><\/div><\/div>","protected":false},"excerpt":{"rendered":"<p>El Centro de Investigaciones Art\u00edsticas \u201cGer\u00f3nimo Baqueiro F\u00f3ster\u201d, fue la sede de la conferencia de prensa ofrecida por la Escuela Superior de Artes de Yucat\u00e1n (ESAY), durante la cual el director de la misma, Enrique Mart\u00edn Brice\u00f1o, dio a conocer las diferentes actividades que se llevar\u00e1n a cabo durante el Coloquio Nacional \u201cPensar la Escena &hellip;<\/p>\n","protected":false},"author":5,"featured_media":39350,"comment_status":"open","ping_status":"open","sticky":false,"template":"","format":"standard","meta":{"_mi_skip_tracking":false},"categories":[50,37],"tags":[10749,10748,2705],"_links":{"self":[{"href":"https:\/\/visionpeninsular.com\/mid\/wp-json\/wp\/v2\/posts\/39349"}],"collection":[{"href":"https:\/\/visionpeninsular.com\/mid\/wp-json\/wp\/v2\/posts"}],"about":[{"href":"https:\/\/visionpeninsular.com\/mid\/wp-json\/wp\/v2\/types\/post"}],"author":[{"embeddable":true,"href":"https:\/\/visionpeninsular.com\/mid\/wp-json\/wp\/v2\/users\/5"}],"replies":[{"embeddable":true,"href":"https:\/\/visionpeninsular.com\/mid\/wp-json\/wp\/v2\/comments?post=39349"}],"version-history":[{"count":1,"href":"https:\/\/visionpeninsular.com\/mid\/wp-json\/wp\/v2\/posts\/39349\/revisions"}],"predecessor-version":[{"id":39351,"href":"https:\/\/visionpeninsular.com\/mid\/wp-json\/wp\/v2\/posts\/39349\/revisions\/39351"}],"wp:featuredmedia":[{"embeddable":true,"href":"https:\/\/visionpeninsular.com\/mid\/wp-json\/wp\/v2\/media\/39350"}],"wp:attachment":[{"href":"https:\/\/visionpeninsular.com\/mid\/wp-json\/wp\/v2\/media?parent=39349"}],"wp:term":[{"taxonomy":"category","embeddable":true,"href":"https:\/\/visionpeninsular.com\/mid\/wp-json\/wp\/v2\/categories?post=39349"},{"taxonomy":"post_tag","embeddable":true,"href":"https:\/\/visionpeninsular.com\/mid\/wp-json\/wp\/v2\/tags?post=39349"}],"curies":[{"name":"wp","href":"https:\/\/api.w.org\/{rel}","templated":true}]}}