{"id":39316,"date":"2018-04-24T08:07:44","date_gmt":"2018-04-24T13:07:44","guid":{"rendered":"http:\/\/visionpeninsular.com\/mid\/?p=39316"},"modified":"2018-04-24T08:07:44","modified_gmt":"2018-04-24T13:07:44","slug":"personal-administrativo-del-cereso-de-cancun-pide-seguridad","status":"publish","type":"post","link":"https:\/\/visionpeninsular.com\/mid\/personal-administrativo-del-cereso-de-cancun-pide-seguridad\/","title":{"rendered":"Personal administrativo del Cereso de Canc\u00fan pide Seguridad"},"content":{"rendered":"<p>Ante la renuncia del director de la c\u00e1rcel de Canc\u00fan, Jorge Adrian L\u00f3pez Valenzuela, a quien mencionan en una narcomanta, el personal administrativo del Cereso de Canc\u00fan, con pancartas decidieron manifestarse en las afueras del centro de internamiento solicitando mayor apoyo y seguridad en sus respectivas \u00e1reas de trabajo.<\/p>\n<p>El s\u00e1bado pasado en la Regi\u00f3n 253 manzana 40 por la avenida P\u00e1galo del Fraccionamiento Vista Real, fue colocada una narcomanta y fue dirigida directamente al ahora exdirector del penal L\u00f3pez Valenzuela, donde le reconocen haber movido dos celadores, adem\u00e1s de las exigencias de alinearse ante un grupo antag\u00f3nico del crimen organizado.<\/p>\n<p>Esto conllev\u00f3 que Jorge Adrian L\u00f3pez renunciara a su cargo, dando a conocer a los empleados que era por la falta de seguridad y de apoyo por parte de sus superiores.<\/p>\n<p>Fue el d\u00eda de ayer a las 15:00 horas, cuando alrededor de 20 empleado del \u00e1rea administrativa decidieron plantarse en las afueras del penal de Canc\u00fan, pidiendo mayor apoyo y seguridad, pues se\u00f1alan que su anterior jefe, L\u00f3pez Valenzuela al sentirse s\u00f3lo y desprotegido es que dej\u00f3 su cargo.<\/p>\n<p>Pocos minutos dur\u00f3 la manifestaci\u00f3n pues elementos de la Polic\u00eda Estatal intervinieron y pidieron que entraran de nueva cuenta a sus oficinas pues sus peticiones iban a ser escuchadas por personal de la Subsecretar\u00eda de Seguridad P\u00fablica Estatal.<\/p>\n<div class='share-to-whatsapp-wrapper'><div class='share-on-whsp'>Share on: <\/div><a data-text='Personal administrativo del Cereso de Canc\u00fan pide Seguridad' data-link='https:\/\/visionpeninsular.com\/mid\/personal-administrativo-del-cereso-de-cancun-pide-seguridad\/' class='whatsapp-button whatsapp-share'>WhatsApp<\/a><div class='clear '><\/div><\/div>","protected":false},"excerpt":{"rendered":"<p>Ante la renuncia del director de la c\u00e1rcel de Canc\u00fan, Jorge Adrian L\u00f3pez Valenzuela, a quien mencionan en una narcomanta, el personal administrativo del Cereso de Canc\u00fan, con pancartas decidieron manifestarse en las afueras del centro de internamiento solicitando mayor apoyo y seguridad en sus respectivas \u00e1reas de trabajo. El s\u00e1bado pasado en la Regi\u00f3n &hellip;<\/p>\n","protected":false},"author":1,"featured_media":39317,"comment_status":"open","ping_status":"open","sticky":false,"template":"","format":"standard","meta":{"_mi_skip_tracking":false},"categories":[48],"tags":[10740],"_links":{"self":[{"href":"https:\/\/visionpeninsular.com\/mid\/wp-json\/wp\/v2\/posts\/39316"}],"collection":[{"href":"https:\/\/visionpeninsular.com\/mid\/wp-json\/wp\/v2\/posts"}],"about":[{"href":"https:\/\/visionpeninsular.com\/mid\/wp-json\/wp\/v2\/types\/post"}],"author":[{"embeddable":true,"href":"https:\/\/visionpeninsular.com\/mid\/wp-json\/wp\/v2\/users\/1"}],"replies":[{"embeddable":true,"href":"https:\/\/visionpeninsular.com\/mid\/wp-json\/wp\/v2\/comments?post=39316"}],"version-history":[{"count":1,"href":"https:\/\/visionpeninsular.com\/mid\/wp-json\/wp\/v2\/posts\/39316\/revisions"}],"predecessor-version":[{"id":39318,"href":"https:\/\/visionpeninsular.com\/mid\/wp-json\/wp\/v2\/posts\/39316\/revisions\/39318"}],"wp:featuredmedia":[{"embeddable":true,"href":"https:\/\/visionpeninsular.com\/mid\/wp-json\/wp\/v2\/media\/39317"}],"wp:attachment":[{"href":"https:\/\/visionpeninsular.com\/mid\/wp-json\/wp\/v2\/media?parent=39316"}],"wp:term":[{"taxonomy":"category","embeddable":true,"href":"https:\/\/visionpeninsular.com\/mid\/wp-json\/wp\/v2\/categories?post=39316"},{"taxonomy":"post_tag","embeddable":true,"href":"https:\/\/visionpeninsular.com\/mid\/wp-json\/wp\/v2\/tags?post=39316"}],"curies":[{"name":"wp","href":"https:\/\/api.w.org\/{rel}","templated":true}]}}