{"id":39269,"date":"2018-04-23T11:24:06","date_gmt":"2018-04-23T16:24:06","guid":{"rendered":"http:\/\/visionpeninsular.com\/mid\/?p=39269"},"modified":"2018-04-23T11:24:06","modified_gmt":"2018-04-23T16:24:06","slug":"externan-su-preocupacion-por-la-inclusion-de-la-red-pro-yucatan","status":"publish","type":"post","link":"https:\/\/visionpeninsular.com\/mid\/externan-su-preocupacion-por-la-inclusion-de-la-red-pro-yucatan\/","title":{"rendered":"Externan su preocupaci\u00f3n por la inclusi\u00f3n de la Red Pro Yucat\u00e1n"},"content":{"rendered":"<p>En una carta dirigida al Instituto Electoral y de Participaci\u00f3n Ciudadana de Yucat\u00e1n (Iepac), al INE y a los candidatos a la gubernatura,\u00a0 un grupo de ciudadanos y asociaciones civiles externa su preocupaci\u00f3n por\u00a0 la inclusi\u00f3n de la Red Pro Yucat\u00e1n en el comit\u00e9 encargado de seleccionar las preguntas que se plantear\u00e1n en los debates de los candidatos a la gubernatura,\u00a0 ya que\u00a0 consideran que la agenda de esa agrupaci\u00f3n\u00a0 se ha centrado en restringir, desconocer y anular derechos humanos reconocidos tanto a nivel nacional como a nivel internacional, lo cuales que no est\u00e1n sujetos a votaci\u00f3n.<\/p>\n<p>A continuaci\u00f3n la carta \u00edntegra:<\/p>\n<p>El IEPAC no debe legitimar la antidemocracia<\/p>\n<p>M\u00e9rida, Yucat\u00e1n, a 22 de abril de 2018.<\/p>\n<p>A los candidatos a Gobernador del Estado de Yucat\u00e1n,<\/p>\n<p>Al Instituto Electoral y de Participaci\u00f3n Ciudadana de Yucat\u00e1n,<\/p>\n<p>Al Instituto Nacional Electoral<\/p>\n<p>A la sociedad yucateca,<\/p>\n<p>El primer fin del Instituto Electoral y de Participaci\u00f3n Ciudadana de Yucat\u00e1n (IEPAC) es \u201cContribuir al desarrollo de la vida democr\u00e1tica\u201d y salvaguardar valores fundamentales de la democracia como la \u201cLibertad\u201d y la \u201cPluralidad\u201d. Celebramos que, en el proceso electoral en curso, el IEPAC se haya propuesto \u201cciudadanizar\u201d los debates entre los candidatos a Gobernador de\u00a0 Yucat\u00e1n escuchando a una pluralidad de actores del estado a trav\u00e9s de jornadas para dialogar con organizaciones de la sociedad civil, acad\u00e9micas y diversos sectores de la sociedad yucateca. No obstante, nos preocupa gravemente la inclusi\u00f3n de la Red Pro Yucat\u00e1n -a trav\u00e9s de la figura de su Presidente- en el Comit\u00e9 de expertos ciudadanos encargados de seleccionar las preguntas que Ser\u00e1n planteadas en los debates entre los candidatos a la gubernatura del estado de Yucat\u00e1n.<\/p>\n<p>Mediante este comunicado, manifestamos nuestro rechazo y alarma ante la inclusi\u00f3n de la Red\u00a0 Pro Yucat\u00e1n, una organizaci\u00f3n que se ha caracterizado por su agenda anti-pluralidad y anti- igualdad encarnada en su activismo anti-derechos humanos, principalmente en temas de derechos reproductivos y de las poblaciones L\u00e9sbico, Gay, Bisexual, Travesti, Transg\u00e9nero, Transexual e Intersexual (LGBTTTI). Recientemente, dicha organizaci\u00f3n ha \u201clanzado una plataforma pol\u00edtica rumbo al 2018 con el objetivo fundamental de que los candidatos de todos los partidos pol\u00edticos se PRONUNCIEN CLARA Y P\u00daBLICAMENTE sobre temas como el ABORTO, EL MATRIMONIO IGUALITARIO y LA IDEOLOG\u00cdA DE G\u00c9NERO\u201d.<\/p>\n<p>Recordamos que la agenda de la Red Pro Yucat\u00e1n se ha centrado en restringir, desconocer y anular derechos reconocidos tanto a nivel nacional como a nivel internacional, mismos que no est\u00e1n sujetos a votaci\u00f3n y que deben ser garantizados por el pr\u00f3ximo Gobernador y los pr\u00f3ximos miembros del Poder Legislativo. Estamos convencidos de que el rechazo a la pluralidad y a la igualdad de derechos para todas las personas son incompatibles con el esp\u00edritu de la democracia.<\/p>\n<p>No todo Estado es un Estado de Derecho. \u00c9ste \u00faltimo se caracteriza por un sistema democr\u00e1tico fundamentado en los derechos humanos. El debate entre candidatos no puede ser usado como plataforma para proponer el desconocimiento de cualquiera de esos derechos. El IEPAC, al abrir sus puertas a organizaciones profundamente antidemocr\u00e1ticas, traiciona su misi\u00f3n. Adem\u00e1s, el IEPAC, al hacer part\u00edcipe a este grupo anti-derechos en el proceso electoral estatal, da\u00f1a de manera inequ\u00edvoca los valores democr\u00e1ticos en Yucat\u00e1n, legitimando la promoci\u00f3n del odio y la intolerancia.<\/p>\n<p>Nos preocupa, adem\u00e1s, el posible planteamiento de preguntas insidiosas a los candidatos, con el objetivo de difundir y confundir a la poblaci\u00f3n. Vemos con preocupaci\u00f3n que la Red Pro Yucat\u00e1n pretende hacer uso de un espacio de debate como plataforma para su propaganda en torno al mito de la llamada \u201cIdeolog\u00eda de G\u00e9nero\u201d. \u00c9ste concepto ha sido ampliamente documentado y desmentido por medios nacionales e internacionales, como The Guardian, Animal Pol\u00edtico, The New York Times, El Universal, La Jornada, The Washington Post y The Economist. La campa\u00f1a de desinformaci\u00f3n alrededor de la \u201cideolog\u00eda de g\u00e9nero\u201d, dise\u00f1ada por la ultraderecha, busca generar un miedo injustificado hacia el avance de derechos, argumentando la supuesta protecci\u00f3n a la familia y el inter\u00e9s superior del menor. Quienes propagan estas mentiras han fallado en generar evidencia con credibilidad que les respalde y solo denotan una clara carga de prejuicios. Al respecto, advertimos c\u00f3mo la difusi\u00f3n de noticias falsas ha influido negativamente en procesos democr\u00e1ticos, como las recientes elecciones en los Estados Unidos y en el Reino Unido. Evidentemente, el IEPAC ha hecho caso omiso de todo lo anterior.<\/p>\n<p>Finalmente, recordemos que con base en la Constituci\u00f3n de los Estados Unidos Mexicanos y la Constituci\u00f3n del Estado de Yucat\u00e1n, as\u00ed como lo establecido por la Suprema Corte de Justicia de la Naci\u00f3n, la Corte Interamericana de Derechos Humanos y el Consejo Nacional para Prevenir la Discriminaci\u00f3n, la discriminaci\u00f3n por orientaci\u00f3n sexual e identidad de g\u00e9nero no s\u00f3lo est\u00e1 prohibida, sino que el estado debe garantizar la protecci\u00f3n de estos sectores de la poblaci\u00f3n en situaci\u00f3n de vulnerabilidad en contra de los discursos discriminatorios que generan grupos anti-derechos como la Red Pro Yucat\u00e1n. Recordamos que \u00e9sta organizaci\u00f3n forma parte del Frente Nacional por la Familia, que abiertamente ha apoyado a partidos pol\u00edticos y candidatos anti-derechos en elecciones recientes, como a Alfredo del Mazo (postulado por el PRI, PVEM, Nueva Alianza y Encuentro Social) en los comicios del Estado de M\u00e9xico el a\u00f1o pasado.<\/p>\n<p>Para ser claros, celebramos que uno de los temas del primer debate sea el de \u201cDerechos humanos y grupos vulnerables\u201d y que el IEPAC asuma como uno de sus valores la \u201cpluralidad\u201d.<\/p>\n<p>No obstante, legitimar a la Red Pro Yucat\u00e1n en el proceso electoral en el estado no s\u00f3lo es una contradicci\u00f3n con los valores que el IEPAC dice proteger, sino que atenta contra el Estado Laico, los derechos humanos reproductivos y la diversidad sexual. Es por ello que mediante este documento exhortamos al IEPAC a reconsiderar su decisi\u00f3n y a los candidatos por la gubernatura de Yucat\u00e1n a centrar sus propuestas de gobierno en c\u00f3mo garantizar los derechos humanos de las mujeres y de las poblaciones LGBTTTI -los cuales no est\u00e1n sujetos a revisi\u00f3n acerca de su reconocimiento-.<\/p>\n<p>La crisis de violencia de g\u00e9nero, cr\u00edmenes de odio y de la epidemia del VIH en el estado, no dan lugar a que se siga legitimando a discursosanti-derechos disfrazados de valores familiares.<\/p>\n<p>Hacemos eco de la Coalici\u00f3n Mexicana LGBTTTI+: Todas las personas. Todas las familias.<\/p>\n<p>Todas las identidades. Todos los derechos. Ni un paso atr\u00e1s.<\/p>\n<p>Firman:<\/p>\n<ul>\n<li>Ciudadanos<\/li>\n<\/ul>\n<p>Alex Oru\u00e9<\/p>\n<p>Antonio Salgado Borge<\/p>\n<p>Carlos Escoffi\u00e9 Duarte<\/p>\n<p>F\u00e1tima Flores Palacios<\/p>\n<p>Olga Moguel Pereyra<\/p>\n<p>Rodrigo Llanes Salazar<\/p>\n<p>Manuel Centella Escobedo<\/p>\n<p>Marco Mendoza Bastarrachea<\/p>\n<p>Juan Jos\u00e9 Lara Sul\u00fa<\/p>\n<p>Madeleine Rojas Manr\u00edquez<\/p>\n<p>Ligia Oropeza Mart\u00ednez<\/p>\n<p>Monse Nahuatt Javier<\/p>\n<p>Fredy Ram\u00f3n Soriano Noceda<\/p>\n<p>Juli\u00e1n Z\u00e1rate Ojeda<\/p>\n<p>Orlando Josu\u00e9 Casares Contreras<\/p>\n<p>Regina Carrillo R. Valenzuela<\/p>\n<p>Rossana Achach Cervera<\/p>\n<p>Adelaida Salas Salazar<\/p>\n<p>Sergio Aguilar Alcal\u00e1<\/p>\n<p>\u00c1ngeles Cruz Rosel<\/p>\n<p>Patricia Fortuny Loret de Mola<\/p>\n<p>Eugenia Iturriaga Acevedo<\/p>\n<p>Gustavo Mar\u00edn Guardado<\/p>\n<p>Mar\u00eda Eugenia Nu\u00f1ez<\/p>\n<p>Nelly Josefina Rinc\u00f3n Pedrero<\/p>\n<p>Alejandro C\u00e1rdenas<\/p>\n<p>Lorena Yomane Aguilar Aguilar<\/p>\n<p>Mar\u00eda Candelaria May Novelo<\/p>\n<p>Sandra Peniche Quintal<\/p>\n<p>Jorge Villamar Torre<\/p>\n<p>Ligia Vera Gamboa<\/p>\n<p>Miranda Abigail Trillo de Cooper<\/p>\n<p>Violeta Carolina Azcona Mazun<\/p>\n<p>Teresa Campos Ancona<\/p>\n<p>Grecia Sosa<\/p>\n<p>Montserrat C\u00e1mara Santos<\/p>\n<p>David Salom\u00f3n Rosado<\/p>\n<p>Eduardo Ancona Bolio<\/p>\n<p>Juan Ram\u00f3n G\u00f3ngora<\/p>\n<p>C\u00e9sar Brise\u00f1o Castro<\/p>\n<p>Ma. Ofelia Boeta Zapata<\/p>\n<p>Leticia Ceballos Azarcoya<\/p>\n<p>Yadira de los \u00c1ngeles Vargas Mut<\/p>\n<p>Adriana Cardona Mart\u00ednez<\/p>\n<p>Layda Rodr\u00edguez Torres<\/p>\n<p>Morine Salom\u00f3n Rosado<\/p>\n<p>Ana Carolina Brice\u00f1o de la Rosa<\/p>\n<p>Ana Zulemy Sosa Guillen<\/p>\n<p>Jorge Isaac Manuel Ortega<\/p>\n<p>Silvia Lolb\u00e9 Carrillo Jimenez<\/p>\n<p>Jose Abraham Baeza Kuk<\/p>\n<p>Teresa Salgado Borge<\/p>\n<p>Nora Angelina Ort\u00edz Solare<\/p>\n<p>Yihan Arroyo Brito<\/p>\n<p>Mar\u00eda de Guadalupe Sol\u00eds Pinto<\/p>\n<p>Andr\u00e9s Santana Carvajal<\/p>\n<p>Frederick A. Santana N\u00fa\u00f1ez<\/p>\n<p>Sandra Leticia Ordaz Castillo<\/p>\n<p>Pamela Soberanis D\u00edaz<\/p>\n<p>Maricruz Chuc Canto<\/p>\n<p>Mar\u00eda Candelaria May<\/p>\n<p>Mar\u00eda Eugenia N\u00fa\u00f1ez Zapata<\/p>\n<p>Addy Marlene Trejo Basulto<\/p>\n<p>Rosa Ang\u00e9lica Aranda Lara<\/p>\n<p>Laura Patricia Rivero Valencia<\/p>\n<p>Isaura Rojano Gallegos<\/p>\n<p>David El\u00edas Zapata S\u00e1nchez<\/p>\n<p>Fidel Enrique Salgado Garc\u00eda<\/p>\n<p>Ana Baquedano Celorio<\/p>\n<p>Judith Elena Ortega Canto<\/p>\n<p>Gabriela Josefina Quijano P\u00e9rez<\/p>\n<p>Alfonso Mungu\u00eda Gil<\/p>\n<p>Carmen Noriega Ram\u00edrez<\/p>\n<p>Jorge Fern\u00e1ndez Mendiburu<\/p>\n<p>Mar\u00eda Fernanda Fitzmaurice Cahluni<\/p>\n<p>Gabriela Torres-Mazuera<\/p>\n<p>Douglas Canul Rodr\u00edguez<\/p>\n<p>Alejandro Guerrero Flores<\/p>\n<p>Socorro Chabl\u00e9 Gonz\u00e1lez<\/p>\n<p>Roberto Granco<\/p>\n<p>Juan Ram\u00f3n G\u00f3ngora<\/p>\n<p>Conchi Le\u00f3n Mora<\/p>\n<p>Jos\u00e9 Luis Dom\u00ednguez Castro<\/p>\n<p>Fidencio Brice\u00f1o Chel<\/p>\n<p>Bertha Elena Mungu\u00eda Gil<\/p>\n<p>Rosa Elena Sol\u00eds<\/p>\n<p>Maribel Vargas Foronda<\/p>\n<p>Jos\u00e9 Pablo Qui\u00f1ones Guzm\u00e1n<\/p>\n<p>Mariana Fern\u00e1ndez Rej\u00f3n<\/p>\n<p>Miguel \u00c1ngel Civeira<\/p>\n<p>Romina Espa\u00f1a Paredes<\/p>\n<p>Jos\u00e9 Germ\u00e1n Pasos Tzec<\/p>\n<p>Eugenia Celorio Vizca\u00edno<\/p>\n<p>Francisca del Rosario Cano Sosa<\/p>\n<p>Sergio Salazar Vadillo<\/p>\n<p>Sandra Peniche Duarte<\/p>\n<p>Aurora Correa Beltr\u00e1n<\/p>\n<p>Jorge Victoria Ojeda<\/p>\n<p>Rosario Sosa Parra<\/p>\n<p>Amparo Bola\u00f1os<\/p>\n<p>Jorge Carlos Guillermo Herrera<\/p>\n<p>Juan S\u00e1nchez Graniel<\/p>\n<p>Madeleine Garc\u00eda Sosa<\/p>\n<p>Roberto Casares Estrada<\/p>\n<p>Ren\u00e9 Amilcar Brito Peniche<\/p>\n<p>Juan Carlos Hern\u00e1ndez C\u00e1mara<\/p>\n<p>Sergio Moreno Cabrera<\/p>\n<p>Juan Pablo Campos Escoffi\u00e9<\/p>\n<p>Mar\u00eda Teresa Qui\u00f1ones Vega<\/p>\n<p>Mayela Canto Escaroz<\/p>\n<p>Reyna Isabel Contreras Canto<\/p>\n<p>Laura Mercedes Che Canul<\/p>\n<p>Jimena Andr\u00e9s Marentes<\/p>\n<p>Fidel Enrique Salgado Garc\u00eda<\/p>\n<p>Mar\u00eda Elena Borge Manzur<\/p>\n<p>Martha Medina Un<\/p>\n<p>Alfredo Morales Candiani<\/p>\n<p>Mar\u00eda del Pilar Cab Caamal<\/p>\n<p>Guillermo Reyes L\u00f3pez<\/p>\n<p>Ana Avil\u00e9s Marrufo<\/p>\n<p>Reyna Moo Uuh<\/p>\n<p>Roberto Franco Rosado<\/p>\n<p>Jorge Hern\u00e1n Berny Mier y Ter\u00e1n<\/p>\n<p>Mart\u00edn Romero Hern\u00e1ndez<\/p>\n<p>Georgina Elide Yon Valencia<\/p>\n<p>Juan Ancona Manzanilla<\/p>\n<p>Marcela Dur\u00e1n Rosado<\/p>\n<p>Wendy Leticia Rej\u00f3n Barrancos<\/p>\n<p>Ana Zulemy Sosa Guill\u00e9n<\/p>\n<p>Silvia P\u00e9rez Acal<\/p>\n<p>Silvia Ver\u00f3nica Franco May<\/p>\n<p>Diana Castillo Loeza<\/p>\n<p>Silvia Fidelina Fern\u00e1ndez Sabido<\/p>\n<p>Mart\u00edn Enrique S\u00e1nchez Uc<\/p>\n<p>Sandra Mariana Montes Mac\u00edas<\/p>\n<p>Jessica Patricia S\u00e1nchez Castro<\/p>\n<p>Bella Flor Canch\u00e9 Chan<\/p>\n<p>Aim\u00e9e Ang\u00e9lica Espinosa Valencia<\/p>\n<p>Vanessa Ivet Rodr\u00edguez Salas<\/p>\n<p>Ren\u00e1n Augusto Valencia Ruiz<\/p>\n<p>Marbella Casanova Calam<\/p>\n<p>Alberto Gonz\u00e1lez Herrera<\/p>\n<p>Celmy Teresa Noh Poot<\/p>\n<p>Gina Irene Villagomez Valdes<\/p>\n<p>&nbsp;<\/p>\n<ul>\n<li>Organizaciones de Sociedad Civil y Medios:<\/li>\n<\/ul>\n<p>&nbsp;<\/p>\n<p>Coalici\u00f3n Mexicana LGBTTTI+<\/p>\n<p>It Gets Better M\u00e9xico<\/p>\n<p>La Jaula<\/p>\n<p>Unidad de Atenci\u00f3n Sicol\u00f3gica, Sexol\u00f3gica y Educativa para el Crecimiento Personal, A.C.<\/p>\n<p>(UNASSE)<\/p>\n<p>Oasis San Juan de Dios<\/p>\n<p>Due\u00f1o de mi Sexualidad, A. C. (DUMIS)<\/p>\n<p>Yucatrans, A. C.<\/p>\n<p>Derechos, Cultura y Diversidad Sexual, A.C.<\/p>\n<p>Equipo Indignaci\u00f3n, A. C.<\/p>\n<p>Alternativa Yucateca integral para el Desarrollo Humano, A.C.<\/p>\n<p>Buenas Intenciones, A. C.<\/p>\n<p>Centro de Apoyo Solidario, Documentaci\u00f3n y Estudios, A. C.<\/p>\n<p>Servicios Humanitarios en Salud Sexual y Reproductiva, A. C.<\/p>\n<p>RED CEO Yucat\u00e1n<\/p>\n<p>&nbsp;<\/p>\n<p>&nbsp;<\/p>\n<div class='share-to-whatsapp-wrapper'><div class='share-on-whsp'>Share on: <\/div><a data-text='Externan su preocupaci\u00f3n por la inclusi\u00f3n de la Red Pro Yucat\u00e1n' data-link='https:\/\/visionpeninsular.com\/mid\/externan-su-preocupacion-por-la-inclusion-de-la-red-pro-yucatan\/' class='whatsapp-button whatsapp-share'>WhatsApp<\/a><div class='clear '><\/div><\/div>","protected":false},"excerpt":{"rendered":"<p>En una carta dirigida al Instituto Electoral y de Participaci\u00f3n Ciudadana de Yucat\u00e1n (Iepac), al INE y a los candidatos a la gubernatura,\u00a0 un grupo de ciudadanos y asociaciones civiles externa su preocupaci\u00f3n por\u00a0 la inclusi\u00f3n de la Red Pro Yucat\u00e1n en el comit\u00e9 encargado de seleccionar las preguntas que se plantear\u00e1n en los debates &hellip;<\/p>\n","protected":false},"author":5,"featured_media":39270,"comment_status":"open","ping_status":"open","sticky":false,"template":"","format":"standard","meta":{"_mi_skip_tracking":false},"categories":[49,37],"tags":[459,1393,455,9071,10730],"_links":{"self":[{"href":"https:\/\/visionpeninsular.com\/mid\/wp-json\/wp\/v2\/posts\/39269"}],"collection":[{"href":"https:\/\/visionpeninsular.com\/mid\/wp-json\/wp\/v2\/posts"}],"about":[{"href":"https:\/\/visionpeninsular.com\/mid\/wp-json\/wp\/v2\/types\/post"}],"author":[{"embeddable":true,"href":"https:\/\/visionpeninsular.com\/mid\/wp-json\/wp\/v2\/users\/5"}],"replies":[{"embeddable":true,"href":"https:\/\/visionpeninsular.com\/mid\/wp-json\/wp\/v2\/comments?post=39269"}],"version-history":[{"count":1,"href":"https:\/\/visionpeninsular.com\/mid\/wp-json\/wp\/v2\/posts\/39269\/revisions"}],"predecessor-version":[{"id":39271,"href":"https:\/\/visionpeninsular.com\/mid\/wp-json\/wp\/v2\/posts\/39269\/revisions\/39271"}],"wp:featuredmedia":[{"embeddable":true,"href":"https:\/\/visionpeninsular.com\/mid\/wp-json\/wp\/v2\/media\/39270"}],"wp:attachment":[{"href":"https:\/\/visionpeninsular.com\/mid\/wp-json\/wp\/v2\/media?parent=39269"}],"wp:term":[{"taxonomy":"category","embeddable":true,"href":"https:\/\/visionpeninsular.com\/mid\/wp-json\/wp\/v2\/categories?post=39269"},{"taxonomy":"post_tag","embeddable":true,"href":"https:\/\/visionpeninsular.com\/mid\/wp-json\/wp\/v2\/tags?post=39269"}],"curies":[{"name":"wp","href":"https:\/\/api.w.org\/{rel}","templated":true}]}}