{"id":39224,"date":"2018-04-21T10:01:39","date_gmt":"2018-04-21T15:01:39","guid":{"rendered":"http:\/\/visionpeninsular.com\/mid\/?p=39224"},"modified":"2018-04-21T10:01:39","modified_gmt":"2018-04-21T15:01:39","slug":"continua-escasez-de-agua-en-la-isla-del-carmen","status":"publish","type":"post","link":"https:\/\/visionpeninsular.com\/mid\/continua-escasez-de-agua-en-la-isla-del-carmen\/","title":{"rendered":"Contin\u00faa escasez de agua en la Isla del Carmen"},"content":{"rendered":"<p>Un 25 por ciento de la poblaci\u00f3n carmelita permanece sin el servicio de agua potable, aunque entraron en operaci\u00f3n\u00a0 desde la noche del domingo los c\u00e1rcamos de reb\u00f3mbeo la red de distribuci\u00f3n del agua potable recupera poco a poco la presi\u00f3n ideal en las zonas m\u00e1s alejadas.<\/p>\n<p>Roberto Figueroa Rueda, director del Sistema Municipal de Agua Potable y Alcantarillado de Carmen (Smapac) lament\u00f3 que tras la deficiente instalaci\u00f3n el\u00e9ctrica en la Comisi\u00f3n Federal de Electricidad (CFE) en las zonas carreteras y rurales, desde al pasado martes no se logre optimizar el abasto del vital l\u00edquido.<\/p>\n<p>\u201cEstamos alrededor de un 70 por ciento de distribuci\u00f3n, sin embargo no hemos dejado de bombear desde que se restableci\u00f3 el servicio de energ\u00eda el\u00e9ctrica pero hasta el d\u00eda de hoy en algunas zonas todav\u00eda hay problemas de desabasto, tal es el caso de la colonia Limonar que son las colonias que est\u00e1n m\u00e1s alejadas de nuestro c\u00e1rcamo principal\u201d, apunt\u00f3.<\/p>\n<p>Sin embargo vecinos de la colonia Miguel de la Madrid comentaron que tienen\u00a0 d\u00edas sin poder ba\u00f1arse\u00a0 porque padecen del suministro del agua potable, aunque en realidad son alrededor de poco m\u00e1s de tres meses que se registr\u00f3 esta problem\u00e1tica, \u201cen ocasiones nos ha llegado el liquido \u201ca cuenta gotas\u201d y por solo unos minutos que no dan ni para llenar una cubeta, pese a que han pedido el apoyo del alcalde Pablo Guti\u00e9rrez Lazarus para que los abastezca a trav\u00e9s de una pipa.<\/p>\n<p>En ese mismo sentido, dijo que desde hace dos d\u00edas hab\u00edan solicitado la pipa de agua al Sistema Municipal de Agua Potable y Alcantarillado de Carmen (Smapac), lo que complica a\u00fan m\u00e1s hacer las labores necesarias, adem\u00e1s de las actividades principales como es \u00a0lavar ropa, los traste y hasta ba\u00f1arse.<\/p>\n<figure id=\"attachment_118563\" class=\"wp-caption alignright\"><\/figure>\n<p>\u201cTenemos meses sin agua, se tiene que ir a lavar la ropa a casa de alg\u00fan familiar o mandarla a la lavander\u00eda, ese problema nos est\u00e1 afectando \u00a0en nuestras necesidades b\u00e1sicas\u201d, indic\u00f3 Maribel Hern\u00e1ndez Hern\u00e1ndez. En ese mismo sentido, dijo son alrededor de 20 casas la que est\u00e1n sin el vital l\u00edquido por lo que a diario han solicitado el apoyo de las pipas de agua, lo que representa un gasto a su econom\u00eda ya que tienen que desajustar dinero de su despensa pues el vital liquido es indispensable en la Isla, y sin el apoyo de las autoridades municipales tienen que ver de qu\u00e9 manera pueden obtener abastecerse de agua.<\/p>\n<p>Otras de las quejosas se\u00f1al\u00f3, \u201cyo s\u00ed tengo agua porque tengo aljibe, y en ocasiones por las madrugadas es cuando llega el vital l\u00edquido, sin embargo, tengo que apoyar a las vecinas ya que las que han pedido el apoyo de las pipas les cobran entre 200 o 300 pesos\u201d, puntualiz\u00f3 Liliana del Carmen S\u00e1nchez Ju\u00e1rez.<\/p>\n<p>Por su parte Amelia Azcuaga Lirio, se\u00f1al\u00f3 que desde hace tres meses no cae una gota de agua potable en la colonia, y ante la falta tienen que comprarlo por medio de pipas debido al grave desabasto que ha sido denunciado en las oficinas de Smapac y el Ayuntamiento pero hasta la fecha no les han dado una soluci\u00f3n.<\/p>\n<div class='share-to-whatsapp-wrapper'><div class='share-on-whsp'>Share on: <\/div><a data-text='Contin\u00faa escasez de agua en la Isla del Carmen' data-link='https:\/\/visionpeninsular.com\/mid\/continua-escasez-de-agua-en-la-isla-del-carmen\/' class='whatsapp-button whatsapp-share'>WhatsApp<\/a><div class='clear '><\/div><\/div>","protected":false},"excerpt":{"rendered":"<p>Un 25 por ciento de la poblaci\u00f3n carmelita permanece sin el servicio de agua potable, aunque entraron en operaci\u00f3n\u00a0 desde la noche del domingo los c\u00e1rcamos de reb\u00f3mbeo la red de distribuci\u00f3n del agua potable recupera poco a poco la presi\u00f3n ideal en las zonas m\u00e1s alejadas. Roberto Figueroa Rueda, director del Sistema Municipal de &hellip;<\/p>\n","protected":false},"author":1,"featured_media":39225,"comment_status":"open","ping_status":"open","sticky":false,"template":"","format":"standard","meta":{"_mi_skip_tracking":false},"categories":[46],"tags":[369],"_links":{"self":[{"href":"https:\/\/visionpeninsular.com\/mid\/wp-json\/wp\/v2\/posts\/39224"}],"collection":[{"href":"https:\/\/visionpeninsular.com\/mid\/wp-json\/wp\/v2\/posts"}],"about":[{"href":"https:\/\/visionpeninsular.com\/mid\/wp-json\/wp\/v2\/types\/post"}],"author":[{"embeddable":true,"href":"https:\/\/visionpeninsular.com\/mid\/wp-json\/wp\/v2\/users\/1"}],"replies":[{"embeddable":true,"href":"https:\/\/visionpeninsular.com\/mid\/wp-json\/wp\/v2\/comments?post=39224"}],"version-history":[{"count":1,"href":"https:\/\/visionpeninsular.com\/mid\/wp-json\/wp\/v2\/posts\/39224\/revisions"}],"predecessor-version":[{"id":39226,"href":"https:\/\/visionpeninsular.com\/mid\/wp-json\/wp\/v2\/posts\/39224\/revisions\/39226"}],"wp:featuredmedia":[{"embeddable":true,"href":"https:\/\/visionpeninsular.com\/mid\/wp-json\/wp\/v2\/media\/39225"}],"wp:attachment":[{"href":"https:\/\/visionpeninsular.com\/mid\/wp-json\/wp\/v2\/media?parent=39224"}],"wp:term":[{"taxonomy":"category","embeddable":true,"href":"https:\/\/visionpeninsular.com\/mid\/wp-json\/wp\/v2\/categories?post=39224"},{"taxonomy":"post_tag","embeddable":true,"href":"https:\/\/visionpeninsular.com\/mid\/wp-json\/wp\/v2\/tags?post=39224"}],"curies":[{"name":"wp","href":"https:\/\/api.w.org\/{rel}","templated":true}]}}