{"id":39123,"date":"2018-04-19T05:54:27","date_gmt":"2018-04-19T10:54:27","guid":{"rendered":"http:\/\/visionpeninsular.com\/mid\/?p=39123"},"modified":"2018-04-19T05:54:27","modified_gmt":"2018-04-19T10:54:27","slug":"taxistas-de-quintana-roo-no-bajan-la-guardia-en-su-lucha-contra-uber","status":"publish","type":"post","link":"https:\/\/visionpeninsular.com\/mid\/taxistas-de-quintana-roo-no-bajan-la-guardia-en-su-lucha-contra-uber\/","title":{"rendered":"Taxistas de Quintana Roo no bajan la guardia en su lucha contra Uber"},"content":{"rendered":"<p>Se solidarizan m\u00e1s integrantes del Futvqroo con los 2 mil taxistas del Sindicato Andr\u00e9s Quintana Roo, que amagaron con no declinar en su rechazo a la consulta p\u00fablica de plataformas digitales de transporte, el d\u00eda de la elecci\u00f3n; defender\u00e1n por la v\u00eda legal el sustento de sus familias, al rechazar que operen en Canc\u00fan nuevas unidades de manera irregular.<\/p>\n<p>Erasmo Avelar C\u00e1mara, secretario general del Sindicato \u201cAndr\u00e9s Quintana Roo\u201d neg\u00f3 que sean protagonistas de actos de violencia o de cierres de carreteras e inclusive la suspensi\u00f3n del servicio de taxis, ya que toda la defensa ser\u00e1 por la v\u00eda legal y a\u00fan cuando los calumnien \u00a1no bajar\u00e1n la guardia!.<\/p>\n<p>Anunci\u00f3 la visita de dirigentes del Movimiento Nacional Taxista que encabeza el chiapaneco Bersa\u00edn Miranda, que tambi\u00e9n estar\u00edan participando con protestas en ciudades importantes en toda la Rep\u00fablica, para apoyar a sus hom\u00f3logos quintanarroenses.<\/p>\n<p>Una consulta popular durante las elecciones del 1 de julio, para que plataformas digitales, que prestan el servicio p\u00fablico de taxis no es viable, insistieron representantes de operadores, socios concesionarios y l\u00edderes de los 17 sindicatos que conforman el Frente Unico de Trabajadores del Volante de Quintana Roo (Futvqroo).<\/p>\n<p>Eduardo Peniche Rodr\u00edguez, su dirigente, asegur\u00f3 que no se dejar\u00e1n doblegar ante presiones de ning\u00fan tipo ya que es su derecho rechazar lo que consideran ilegal y defenderse con la ley en la mano, de ah\u00ed el apoyo a los taxistas de Canc\u00fan para evitar que se repita en todo el estado.<\/p>\n<p>Insistieron que el tema ya est\u00e1 regulado por la propia Ley vigente, de manera que los taxistas no est\u00e1n en contra de las plataformas digitales sino de su operaci\u00f3n fuera del marco legal, por ende, amenaz\u00f3 que la lucha jur\u00eddica no se detendr\u00e1.<\/p>\n<div class='share-to-whatsapp-wrapper'><div class='share-on-whsp'>Share on: <\/div><a data-text='Taxistas de Quintana Roo no bajan la guardia en su lucha contra Uber' data-link='https:\/\/visionpeninsular.com\/mid\/taxistas-de-quintana-roo-no-bajan-la-guardia-en-su-lucha-contra-uber\/' class='whatsapp-button whatsapp-share'>WhatsApp<\/a><div class='clear '><\/div><\/div>","protected":false},"excerpt":{"rendered":"<p>Se solidarizan m\u00e1s integrantes del Futvqroo con los 2 mil taxistas del Sindicato Andr\u00e9s Quintana Roo, que amagaron con no declinar en su rechazo a la consulta p\u00fablica de plataformas digitales de transporte, el d\u00eda de la elecci\u00f3n; defender\u00e1n por la v\u00eda legal el sustento de sus familias, al rechazar que operen en Canc\u00fan nuevas &hellip;<\/p>\n","protected":false},"author":1,"featured_media":39124,"comment_status":"open","ping_status":"open","sticky":false,"template":"","format":"standard","meta":{"_mi_skip_tracking":false},"categories":[48],"tags":[207],"_links":{"self":[{"href":"https:\/\/visionpeninsular.com\/mid\/wp-json\/wp\/v2\/posts\/39123"}],"collection":[{"href":"https:\/\/visionpeninsular.com\/mid\/wp-json\/wp\/v2\/posts"}],"about":[{"href":"https:\/\/visionpeninsular.com\/mid\/wp-json\/wp\/v2\/types\/post"}],"author":[{"embeddable":true,"href":"https:\/\/visionpeninsular.com\/mid\/wp-json\/wp\/v2\/users\/1"}],"replies":[{"embeddable":true,"href":"https:\/\/visionpeninsular.com\/mid\/wp-json\/wp\/v2\/comments?post=39123"}],"version-history":[{"count":1,"href":"https:\/\/visionpeninsular.com\/mid\/wp-json\/wp\/v2\/posts\/39123\/revisions"}],"predecessor-version":[{"id":39125,"href":"https:\/\/visionpeninsular.com\/mid\/wp-json\/wp\/v2\/posts\/39123\/revisions\/39125"}],"wp:featuredmedia":[{"embeddable":true,"href":"https:\/\/visionpeninsular.com\/mid\/wp-json\/wp\/v2\/media\/39124"}],"wp:attachment":[{"href":"https:\/\/visionpeninsular.com\/mid\/wp-json\/wp\/v2\/media?parent=39123"}],"wp:term":[{"taxonomy":"category","embeddable":true,"href":"https:\/\/visionpeninsular.com\/mid\/wp-json\/wp\/v2\/categories?post=39123"},{"taxonomy":"post_tag","embeddable":true,"href":"https:\/\/visionpeninsular.com\/mid\/wp-json\/wp\/v2\/tags?post=39123"}],"curies":[{"name":"wp","href":"https:\/\/api.w.org\/{rel}","templated":true}]}}