{"id":3911,"date":"2016-05-19T07:27:19","date_gmt":"2016-05-19T12:27:19","guid":{"rendered":"http:\/\/visionpeninsular.com\/mid\/?p=3911"},"modified":"2016-05-19T07:27:19","modified_gmt":"2016-05-19T12:27:19","slug":"pide-congreso-local-al-eiqroo-cambiar-fecha-de-debate-sino-ciudadanos-no-podran-analizar-bien-propuestas-dicen","status":"publish","type":"post","link":"https:\/\/visionpeninsular.com\/mid\/pide-congreso-local-al-eiqroo-cambiar-fecha-de-debate-sino-ciudadanos-no-podran-analizar-bien-propuestas-dicen\/","title":{"rendered":"Pide Congreso Local al EIQROO cambiar fecha de debate &#8211; Sino ciudadanos no podr\u00e1n analizar bien propuestas, dicen"},"content":{"rendered":"<p>Al ser cercana la fecha del debate con el d\u00eda de la elecci\u00f3n, la Comisi\u00f3n Permanente del Congreso de la Uni\u00f3n exhort\u00f3 al Instituto Electoral de Quintana Roo, a cambiar la fecha, ya que no dar\u00eda tiempo suficiente al ciudadano a un an\u00e1lisis sobre las perspectivas de los aspirantes en contienda.<\/p>\n<p>Cabe recordar que el debate entre los aspirantes a Gobernador esta programado para el 28 de mayo, por lo que la Diputada Patricia S\u00e1nchez Carrillo, se\u00f1ala que de mantener la fecha, \u00e9ste evento no contar\u00e1 con la atenci\u00f3n de la gente, adem\u00e1s de que le impedir\u00eda tener una valoraci\u00f3n clara y objetiva en torno a las propuestas de cada uno de los candidatos en disputa.<\/p>\n<p>\u201cEsta fecha se considera muy cercana al d\u00eda de la elecci\u00f3n (5 de junio) y no permite a los electores la reflexi\u00f3n amplia y detenida sobre las propuestas que presenten los candidatos y que ser\u00e1n, de alguna manera, definitorias para el rumbo del estado de Quintana Roo\u201d.<\/p>\n<p>Si bien se\u00f1al\u00f3 que llevar a cabo el debate es parte fundamental para que el electorado pueda elegir bien, es necesario ofrecer une vento que garantice la correcta exposici\u00f3n de ideas. <\/p>\n<div class='share-to-whatsapp-wrapper'><div class='share-on-whsp'>Share on: <\/div><a data-text='Pide Congreso Local al EIQROO cambiar fecha de debate - Sino ciudadanos no podr\u00e1n analizar bien propuestas, dicen' data-link='https:\/\/visionpeninsular.com\/mid\/pide-congreso-local-al-eiqroo-cambiar-fecha-de-debate-sino-ciudadanos-no-podran-analizar-bien-propuestas-dicen\/' class='whatsapp-button whatsapp-share'>WhatsApp<\/a><div class='clear '><\/div><\/div>","protected":false},"excerpt":{"rendered":"<p>Al ser cercana la fecha del debate con el d\u00eda de la elecci\u00f3n, la Comisi\u00f3n Permanente del Congreso de la Uni\u00f3n exhort\u00f3 al Instituto Electoral de Quintana Roo, a cambiar la fecha, ya que no dar\u00eda tiempo suficiente al ciudadano a un an\u00e1lisis sobre las perspectivas de los aspirantes en contienda. Cabe recordar que el &hellip;<\/p>\n","protected":false},"author":1,"featured_media":3912,"comment_status":"open","ping_status":"open","sticky":false,"template":"","format":"standard","meta":{"_mi_skip_tracking":false},"categories":[48],"tags":[856],"_links":{"self":[{"href":"https:\/\/visionpeninsular.com\/mid\/wp-json\/wp\/v2\/posts\/3911"}],"collection":[{"href":"https:\/\/visionpeninsular.com\/mid\/wp-json\/wp\/v2\/posts"}],"about":[{"href":"https:\/\/visionpeninsular.com\/mid\/wp-json\/wp\/v2\/types\/post"}],"author":[{"embeddable":true,"href":"https:\/\/visionpeninsular.com\/mid\/wp-json\/wp\/v2\/users\/1"}],"replies":[{"embeddable":true,"href":"https:\/\/visionpeninsular.com\/mid\/wp-json\/wp\/v2\/comments?post=3911"}],"version-history":[{"count":1,"href":"https:\/\/visionpeninsular.com\/mid\/wp-json\/wp\/v2\/posts\/3911\/revisions"}],"predecessor-version":[{"id":3913,"href":"https:\/\/visionpeninsular.com\/mid\/wp-json\/wp\/v2\/posts\/3911\/revisions\/3913"}],"wp:featuredmedia":[{"embeddable":true,"href":"https:\/\/visionpeninsular.com\/mid\/wp-json\/wp\/v2\/media\/3912"}],"wp:attachment":[{"href":"https:\/\/visionpeninsular.com\/mid\/wp-json\/wp\/v2\/media?parent=3911"}],"wp:term":[{"taxonomy":"category","embeddable":true,"href":"https:\/\/visionpeninsular.com\/mid\/wp-json\/wp\/v2\/categories?post=3911"},{"taxonomy":"post_tag","embeddable":true,"href":"https:\/\/visionpeninsular.com\/mid\/wp-json\/wp\/v2\/tags?post=3911"}],"curies":[{"name":"wp","href":"https:\/\/api.w.org\/{rel}","templated":true}]}}