{"id":38801,"date":"2018-04-11T11:44:27","date_gmt":"2018-04-11T16:44:27","guid":{"rendered":"http:\/\/visionpeninsular.com\/mid\/?p=38801"},"modified":"2018-04-11T11:44:27","modified_gmt":"2018-04-11T16:44:27","slug":"25-y-26-de-mayo-se-realizara-la-12-edicion-de-la-travesia-sagrada-maya","status":"publish","type":"post","link":"https:\/\/visionpeninsular.com\/mid\/25-y-26-de-mayo-se-realizara-la-12-edicion-de-la-travesia-sagrada-maya\/","title":{"rendered":"25 y 26 de mayo se realizar\u00e1 la 12 Edici\u00f3n de la Traves\u00eda Sagrada Maya"},"content":{"rendered":"<p>Con la participaci\u00f3n de 377 canoeros voluntarios, el 25 y 26 de mayo se realizar\u00e1 la 12 Edici\u00f3n de la Traves\u00eda Sagrada Maya entre el puerto de Pol\u00e9 (Xcaret) y Cuzamil (Cozumel).<\/p>\n<p>De acuerdo con la directora general del evento, Leticia Aguerrebere Salido, esta cifra constituye el n\u00famero m\u00e1s alto de participantes que ha tenido la Traves\u00eda desde su primera edici\u00f3n, en busca de recuperar una tradici\u00f3n prehisp\u00e1nica que dej\u00f3 de practicarse durante m\u00e1s de cinco siglos.<\/p>\n<p>De esta manera, destac\u00f3 que el evento se ha convertido en un v\u00ednculo de identificaci\u00f3n cultural para los habitantes de la zona norte de Quintana Roo y un incentivo para el turismo local, nacional y extranjero.<\/p>\n<p>Para ello, los canoeros realizan un intenso entrenamiento durante seis meses en diversas escuelas de remo de Canc\u00fan, Xcaret, Xel-H\u00e1 y Cozumel, a fin de poner a prueba su capacidad f\u00edsica y mental, as\u00ed como sus valores espirituales.<\/p>\n<p>De acuerdo a lo previsto, del total de participantes 46% son mujeres y 54% hombres, adem\u00e1s de que en esta ocasi\u00f3n se cuenta con la participaci\u00f3n de 35 remeros extranjeros originarios de Argentina, Canad\u00e1, Estados Unidos, Colombia, Venezuela, Reino Unido, Francia, Eslovaquia, Espa\u00f1a e Italia.<\/p>\n<p>Adicionalmente, en el evento participar\u00e1n tambi\u00e9n 218 artistas en los ceremoniales de m\u00fasica y danza, quienes provienen del DIF y la Casa de la Cultura de Cozumel y Playa del Carmen, la zona maya del sur de Quintana Roo, as\u00ed como del elenco Xipetotec de Xcaret.<\/p>\n<div class='share-to-whatsapp-wrapper'><div class='share-on-whsp'>Share on: <\/div><a data-text='25 y 26 de mayo se realizar\u00e1 la 12 Edici\u00f3n de la Traves\u00eda Sagrada Maya' data-link='https:\/\/visionpeninsular.com\/mid\/25-y-26-de-mayo-se-realizara-la-12-edicion-de-la-travesia-sagrada-maya\/' class='whatsapp-button whatsapp-share'>WhatsApp<\/a><div class='clear '><\/div><\/div>","protected":false},"excerpt":{"rendered":"<p>Con la participaci\u00f3n de 377 canoeros voluntarios, el 25 y 26 de mayo se realizar\u00e1 la 12 Edici\u00f3n de la Traves\u00eda Sagrada Maya entre el puerto de Pol\u00e9 (Xcaret) y Cuzamil (Cozumel). De acuerdo con la directora general del evento, Leticia Aguerrebere Salido, esta cifra constituye el n\u00famero m\u00e1s alto de participantes que ha tenido &hellip;<\/p>\n","protected":false},"author":1,"featured_media":38802,"comment_status":"open","ping_status":"open","sticky":false,"template":"","format":"standard","meta":{"_mi_skip_tracking":false},"categories":[48],"tags":[10616],"_links":{"self":[{"href":"https:\/\/visionpeninsular.com\/mid\/wp-json\/wp\/v2\/posts\/38801"}],"collection":[{"href":"https:\/\/visionpeninsular.com\/mid\/wp-json\/wp\/v2\/posts"}],"about":[{"href":"https:\/\/visionpeninsular.com\/mid\/wp-json\/wp\/v2\/types\/post"}],"author":[{"embeddable":true,"href":"https:\/\/visionpeninsular.com\/mid\/wp-json\/wp\/v2\/users\/1"}],"replies":[{"embeddable":true,"href":"https:\/\/visionpeninsular.com\/mid\/wp-json\/wp\/v2\/comments?post=38801"}],"version-history":[{"count":1,"href":"https:\/\/visionpeninsular.com\/mid\/wp-json\/wp\/v2\/posts\/38801\/revisions"}],"predecessor-version":[{"id":38803,"href":"https:\/\/visionpeninsular.com\/mid\/wp-json\/wp\/v2\/posts\/38801\/revisions\/38803"}],"wp:featuredmedia":[{"embeddable":true,"href":"https:\/\/visionpeninsular.com\/mid\/wp-json\/wp\/v2\/media\/38802"}],"wp:attachment":[{"href":"https:\/\/visionpeninsular.com\/mid\/wp-json\/wp\/v2\/media?parent=38801"}],"wp:term":[{"taxonomy":"category","embeddable":true,"href":"https:\/\/visionpeninsular.com\/mid\/wp-json\/wp\/v2\/categories?post=38801"},{"taxonomy":"post_tag","embeddable":true,"href":"https:\/\/visionpeninsular.com\/mid\/wp-json\/wp\/v2\/tags?post=38801"}],"curies":[{"name":"wp","href":"https:\/\/api.w.org\/{rel}","templated":true}]}}