{"id":38748,"date":"2018-04-10T11:36:18","date_gmt":"2018-04-10T16:36:18","guid":{"rendered":"http:\/\/visionpeninsular.com\/mid\/?p=38748"},"modified":"2018-04-10T11:36:18","modified_gmt":"2018-04-10T16:36:18","slug":"sin-contratiempos-regreso-a-clases-en-la-zona-maya","status":"publish","type":"post","link":"https:\/\/visionpeninsular.com\/mid\/sin-contratiempos-regreso-a-clases-en-la-zona-maya\/","title":{"rendered":"Sin contratiempos, regreso a clases en la zona maya"},"content":{"rendered":"<p style=\"text-align: left;\">Luego de dos semanas de vacaciones, el dia de ayer regresaron a clases m\u00e1s de 11 mil estudiantes de preescolar, primaria y secundaria en el municipio.<\/p>\n<p style=\"text-align: left;\">Desde muy temprano, se vio en las calles de la ciudad el movimiento de los padres llevando a sus hijos o bien a estudiantes caminando solos hacia la escuela.<\/p>\n<p style=\"text-align: left;\">Jacinto Chi, padre de familia, dijo que el tiempo se va r\u00e1pido y en dos meses terminar\u00e1 el ciclo escolar.<\/p>\n<p style=\"text-align: left;\">La Direcci\u00f3n de Tr\u00e1nsito report\u00f3 que la jornada de regreso a clases transcurri\u00f3 sin incidentes.<\/p>\n<div class='share-to-whatsapp-wrapper'><div class='share-on-whsp'>Share on: <\/div><a data-text='Sin contratiempos, regreso a clases en la zona maya' data-link='https:\/\/visionpeninsular.com\/mid\/sin-contratiempos-regreso-a-clases-en-la-zona-maya\/' class='whatsapp-button whatsapp-share'>WhatsApp<\/a><div class='clear '><\/div><\/div>","protected":false},"excerpt":{"rendered":"<p>Luego de dos semanas de vacaciones, el dia de ayer regresaron a clases m\u00e1s de 11 mil estudiantes de preescolar, primaria y secundaria en el municipio. Desde muy temprano, se vio en las calles de la ciudad el movimiento de los padres llevando a sus hijos o bien a estudiantes caminando solos hacia la escuela. &hellip;<\/p>\n","protected":false},"author":1,"featured_media":38749,"comment_status":"open","ping_status":"open","sticky":false,"template":"","format":"standard","meta":{"_mi_skip_tracking":false},"categories":[48],"tags":[4832],"_links":{"self":[{"href":"https:\/\/visionpeninsular.com\/mid\/wp-json\/wp\/v2\/posts\/38748"}],"collection":[{"href":"https:\/\/visionpeninsular.com\/mid\/wp-json\/wp\/v2\/posts"}],"about":[{"href":"https:\/\/visionpeninsular.com\/mid\/wp-json\/wp\/v2\/types\/post"}],"author":[{"embeddable":true,"href":"https:\/\/visionpeninsular.com\/mid\/wp-json\/wp\/v2\/users\/1"}],"replies":[{"embeddable":true,"href":"https:\/\/visionpeninsular.com\/mid\/wp-json\/wp\/v2\/comments?post=38748"}],"version-history":[{"count":1,"href":"https:\/\/visionpeninsular.com\/mid\/wp-json\/wp\/v2\/posts\/38748\/revisions"}],"predecessor-version":[{"id":38750,"href":"https:\/\/visionpeninsular.com\/mid\/wp-json\/wp\/v2\/posts\/38748\/revisions\/38750"}],"wp:featuredmedia":[{"embeddable":true,"href":"https:\/\/visionpeninsular.com\/mid\/wp-json\/wp\/v2\/media\/38749"}],"wp:attachment":[{"href":"https:\/\/visionpeninsular.com\/mid\/wp-json\/wp\/v2\/media?parent=38748"}],"wp:term":[{"taxonomy":"category","embeddable":true,"href":"https:\/\/visionpeninsular.com\/mid\/wp-json\/wp\/v2\/categories?post=38748"},{"taxonomy":"post_tag","embeddable":true,"href":"https:\/\/visionpeninsular.com\/mid\/wp-json\/wp\/v2\/tags?post=38748"}],"curies":[{"name":"wp","href":"https:\/\/api.w.org\/{rel}","templated":true}]}}