{"id":38710,"date":"2018-04-10T08:44:46","date_gmt":"2018-04-10T13:44:46","guid":{"rendered":"http:\/\/visionpeninsular.com\/mid\/?p=38710"},"modified":"2018-04-10T08:44:46","modified_gmt":"2018-04-10T13:44:46","slug":"incorpora-vila-dosal-agenda-ciudadana-al-proyecto-yucatan-merece-mucho-mas","status":"publish","type":"post","link":"https:\/\/visionpeninsular.com\/mid\/incorpora-vila-dosal-agenda-ciudadana-al-proyecto-yucatan-merece-mucho-mas\/","title":{"rendered":"Incorpora Vila Dosal agenda ciudadana al proyecto \u00abYucat\u00e1n merece mucho m\u00e1s\u00bb"},"content":{"rendered":"<p><em>Presenta a Campos Achach, Vi\u00f1as Heredia y Cisneros Buenfil como integrantes de su equipo<\/em><\/p>\n<p>\u00abGobernar no es un mon\u00f3logo: es un di\u00e1logo en el que el principal interlocutor es la sociedad civil\u00bb, considera Mauricio Vila Dosal. \u00abEs por eso que, desde ahora, en mi equipo hay importantes voces ciudadanas\u00bb.\u00a0 El candidato del PAN y Movimiento Ciudadano a la gubernatura de Yucat\u00e1n presenta como integrantes de su equipo a Carlos Campos Achach, Carlos Vi\u00f1as Heredia y Bernardo Cisneros Buenfil, quienes han destacado por su labor en la trinchera de la sociedad civil.<\/p>\n<p>\u00abEllos tres encabezan un grupo de ciudadanos que est\u00e1n convencidos de que la pol\u00edtica es demasiado importante para dejarla en manos de los pol\u00edticos\u00bb,\u00a0 explica Vila Dosal. \u00abEllos tres son ejemplo de voluntad y valent\u00eda y cada d\u00eda m\u00e1s ciudadanos siguen su ejemplo\u00bb.<\/p>\n<p>Es necesario, puntualiza el candidato Vila Dosal, dar un salto cuantitativo: \u00abno podemos conformarnos, quedarnos en la mediocridad; seguir haciendo lo mismo y de la misma manera. Tenemos que sumar todas las voluntades y todo el capital humano para alcanzar el crecimiento que Yucat\u00e1n se merece\u2026\u00bb.<\/p>\n<p>Equipo ciudadano. \u00abCarlos Campos es un destacado y reconocido empresario yucateco. No s\u00f3lo ha representado a su gremio, sino a toda la sociedad en diversos foros y frentes\u00bb, presenta el candidato panista.\u00a0 Campos Achach, ex presidente de la Canirac (C\u00e1mara Nacional de la Industria Restaurantera y de Alimentos Condimentados) delegaci\u00f3n M\u00e9rida y del CCE (Consejo Coordinador Empresarial) fungir\u00e1 como el coordinador empresarial en la campa\u00f1a de Vila Dosal.<\/p>\n<p>\u00abCarlos Vi\u00f1as conoce, de manera integral, los retos del desarrollo urbano en nuestro estado. \u00c9l complementa la visi\u00f3n, en muchas ocasiones miope, de una burocracia anclada en oficinas y con poca visi\u00f3n de la realidad\u00bb, a\u00f1ade Vila Dosal. El ex presidente de la Canadevi (C\u00e1mara Nacional de la Industria de Desarrollo y Promoci\u00f3n de Vivienda) ser\u00e1 el encargado de encauzar las propuestas del pr\u00f3ximo gobierno en las \u00e1reas de las que es experto.<\/p>\n<p>\u00abBernardo Cisneros combina la academia con la pr\u00e1ctica. Su voz y sus propuestas nos ayudar\u00e1n a enfocar las nuestras relacionadas con la econom\u00eda, principalmente con el emprendedurismo, \u00e1rea que hay que reforzar en el estado para brindarle a los peque\u00f1os y medianos empresarios la oportunidad de desarrollar su m\u00e1ximo potencial\u00bb, explica el candidato a la gubernatura de Yucat\u00e1n.<\/p>\n<p>Cisneros Buenfil tiene experiencia tanto en la iniciativa privada como en la p\u00fablica;\u00a0 fue director nacional de Centros de Formaci\u00f3n para el Trabajo (conocidos como Cecatis), en donde fue pionero de la capacitaci\u00f3n de emprendedores en M\u00e9xico. \u00ab\u00c9l sembr\u00f3 la semilla que ya ha comenzado a dar frutos\u00bb, reconoce Vila Dosal. \u00abSin embargo, en este aspecto, a\u00fan queda mucho por avanzar y es por eso que lo invit\u00e9 a mi equipo\u00bb.<\/p>\n<p>Campos Achach, Vi\u00f1as Heredia y Cisneros Buenfil coinciden en el proyecto porque, aseguran, Yucat\u00e1n merece mucho m\u00e1s y est\u00e1n seguros que este anhelo s\u00f3lo podr\u00e1 ser realidad con el trabajo decidido y abierto de la sociedad civil. \u00abBienvenidos ellos y todos los que quieran sumarse para trabajar por un mejor futuro\u00bb, se\u00f1ala el candidato a la gubernatura.<\/p>\n<p>&nbsp;<\/p>\n<div class='share-to-whatsapp-wrapper'><div class='share-on-whsp'>Share on: <\/div><a data-text='Incorpora Vila Dosal agenda ciudadana al proyecto \u00abYucat\u00e1n merece mucho m\u00e1s\u00bb' data-link='https:\/\/visionpeninsular.com\/mid\/incorpora-vila-dosal-agenda-ciudadana-al-proyecto-yucatan-merece-mucho-mas\/' class='whatsapp-button whatsapp-share'>WhatsApp<\/a><div class='clear '><\/div><\/div>","protected":false},"excerpt":{"rendered":"<p>Presenta a Campos Achach, Vi\u00f1as Heredia y Cisneros Buenfil como integrantes de su equipo \u00abGobernar no es un mon\u00f3logo: es un di\u00e1logo en el que el principal interlocutor es la sociedad civil\u00bb, considera Mauricio Vila Dosal. \u00abEs por eso que, desde ahora, en mi equipo hay importantes voces ciudadanas\u00bb.\u00a0 El candidato del PAN y Movimiento &hellip;<\/p>\n","protected":false},"author":5,"featured_media":38711,"comment_status":"open","ping_status":"open","sticky":false,"template":"","format":"standard","meta":{"_mi_skip_tracking":false},"categories":[50,37],"tags":[1031,231,3861,227],"_links":{"self":[{"href":"https:\/\/visionpeninsular.com\/mid\/wp-json\/wp\/v2\/posts\/38710"}],"collection":[{"href":"https:\/\/visionpeninsular.com\/mid\/wp-json\/wp\/v2\/posts"}],"about":[{"href":"https:\/\/visionpeninsular.com\/mid\/wp-json\/wp\/v2\/types\/post"}],"author":[{"embeddable":true,"href":"https:\/\/visionpeninsular.com\/mid\/wp-json\/wp\/v2\/users\/5"}],"replies":[{"embeddable":true,"href":"https:\/\/visionpeninsular.com\/mid\/wp-json\/wp\/v2\/comments?post=38710"}],"version-history":[{"count":1,"href":"https:\/\/visionpeninsular.com\/mid\/wp-json\/wp\/v2\/posts\/38710\/revisions"}],"predecessor-version":[{"id":38712,"href":"https:\/\/visionpeninsular.com\/mid\/wp-json\/wp\/v2\/posts\/38710\/revisions\/38712"}],"wp:featuredmedia":[{"embeddable":true,"href":"https:\/\/visionpeninsular.com\/mid\/wp-json\/wp\/v2\/media\/38711"}],"wp:attachment":[{"href":"https:\/\/visionpeninsular.com\/mid\/wp-json\/wp\/v2\/media?parent=38710"}],"wp:term":[{"taxonomy":"category","embeddable":true,"href":"https:\/\/visionpeninsular.com\/mid\/wp-json\/wp\/v2\/categories?post=38710"},{"taxonomy":"post_tag","embeddable":true,"href":"https:\/\/visionpeninsular.com\/mid\/wp-json\/wp\/v2\/tags?post=38710"}],"curies":[{"name":"wp","href":"https:\/\/api.w.org\/{rel}","templated":true}]}}