{"id":38680,"date":"2018-04-09T09:23:12","date_gmt":"2018-04-09T14:23:12","guid":{"rendered":"http:\/\/visionpeninsular.com\/mid\/?p=38680"},"modified":"2018-04-09T09:23:12","modified_gmt":"2018-04-09T14:23:12","slug":"el-estado-esta-para-apoyar-a-la-medicina-a-los-medicos-y-enfermeras-y-proteger-a-los-pacientes-no-para-enjuiciarlos-alejandro-moreno-cardenas","status":"publish","type":"post","link":"https:\/\/visionpeninsular.com\/mid\/el-estado-esta-para-apoyar-a-la-medicina-a-los-medicos-y-enfermeras-y-proteger-a-los-pacientes-no-para-enjuiciarlos-alejandro-moreno-cardenas\/","title":{"rendered":"El Estado est\u00e1 para apoyar a la medicina; a los m\u00e9dicos y enfermeras, y proteger a los pacientes, no para enjuiciarlos, Alejandro Moreno Cardenas"},"content":{"rendered":"<p>La labor de m\u00e9dicos y enfermeras no debe ser criminalizada, salvo se pueda probar que hubo voluntad para atentar contra la vida de un paciente, declar\u00f3 en entrevista el gobernador Alejandro Moreno C\u00e1rdenas.<\/p>\n<p>\u201cLos m\u00e9dicos realizan una de las labores m\u00e1s nobles del mundo, no tiene precio salvar una vida, y ellos lo hacen todos los d\u00edas. Un m\u00e9dico o una enfermera no debe ser llevado a un tribunal y ser condenado por cometer un delito si en su intento por salvar una vida no lo consigue. Los que se dedican al mundo de la medicina hay que tratarlos excepcionalmente\u201d, asegur\u00f3 el mandatario campechano.<\/p>\n<p>Al concluir una reuni\u00f3n privada, el titular del Ejecutivo fue entrevistado sobre los hechos ocurridos en Oaxaca, donde fue detenido el doctor Luis Alberto P\u00e9rez M\u00e9ndez, por una presunta negligencia m\u00e9dica, lo que provoc\u00f3 marchas este fin de semana en m\u00e1s de 70 ciudades del pa\u00eds.<\/p>\n<p>Moreno C\u00e1rdenas fue enf\u00e1tico en se\u00f1alar que \u201cno podemos penalizar la labor m\u00e9dica, bajo esta circunstancia u otra; quienes se dedican a salvar vidas merecen siempre nuestro total respaldo y reconocimiento\u201d.<\/p>\n<p>La Fiscal\u00eda General del Estado de Oaxaca ejecut\u00f3 el pasado 2 de abril la orden de aprehensi\u00f3n dentro de la causa penal 88\/2018, en contra del galeno P\u00e9rez M\u00e9ndez, por su probable responsabilidad en la comisi\u00f3n del delito de homicidio con la agravante de responsabilidad m\u00e9dica.<\/p>\n<p>\u201cEl Estado est\u00e1 para apoyar a la medicina; a los m\u00e9dicos y enfermeras, y proteger a los pacientes, no para enjuiciarlos, salvo existan suficientes pruebas para proceder en su contra\u201d, finaliz\u00f3.<\/p>\n<div class='share-to-whatsapp-wrapper'><div class='share-on-whsp'>Share on: <\/div><a data-text='El Estado est\u00e1 para apoyar a la medicina; a los m\u00e9dicos y enfermeras, y proteger a los pacientes, no para enjuiciarlos, Alejandro Moreno Cardenas' data-link='https:\/\/visionpeninsular.com\/mid\/el-estado-esta-para-apoyar-a-la-medicina-a-los-medicos-y-enfermeras-y-proteger-a-los-pacientes-no-para-enjuiciarlos-alejandro-moreno-cardenas\/' class='whatsapp-button whatsapp-share'>WhatsApp<\/a><div class='clear '><\/div><\/div>","protected":false},"excerpt":{"rendered":"<p>La labor de m\u00e9dicos y enfermeras no debe ser criminalizada, salvo se pueda probar que hubo voluntad para atentar contra la vida de un paciente, declar\u00f3 en entrevista el gobernador Alejandro Moreno C\u00e1rdenas. \u201cLos m\u00e9dicos realizan una de las labores m\u00e1s nobles del mundo, no tiene precio salvar una vida, y ellos lo hacen todos &hellip;<\/p>\n","protected":false},"author":1,"featured_media":38681,"comment_status":"open","ping_status":"open","sticky":false,"template":"","format":"standard","meta":{"_mi_skip_tracking":false},"categories":[45],"tags":[10584],"_links":{"self":[{"href":"https:\/\/visionpeninsular.com\/mid\/wp-json\/wp\/v2\/posts\/38680"}],"collection":[{"href":"https:\/\/visionpeninsular.com\/mid\/wp-json\/wp\/v2\/posts"}],"about":[{"href":"https:\/\/visionpeninsular.com\/mid\/wp-json\/wp\/v2\/types\/post"}],"author":[{"embeddable":true,"href":"https:\/\/visionpeninsular.com\/mid\/wp-json\/wp\/v2\/users\/1"}],"replies":[{"embeddable":true,"href":"https:\/\/visionpeninsular.com\/mid\/wp-json\/wp\/v2\/comments?post=38680"}],"version-history":[{"count":1,"href":"https:\/\/visionpeninsular.com\/mid\/wp-json\/wp\/v2\/posts\/38680\/revisions"}],"predecessor-version":[{"id":38682,"href":"https:\/\/visionpeninsular.com\/mid\/wp-json\/wp\/v2\/posts\/38680\/revisions\/38682"}],"wp:featuredmedia":[{"embeddable":true,"href":"https:\/\/visionpeninsular.com\/mid\/wp-json\/wp\/v2\/media\/38681"}],"wp:attachment":[{"href":"https:\/\/visionpeninsular.com\/mid\/wp-json\/wp\/v2\/media?parent=38680"}],"wp:term":[{"taxonomy":"category","embeddable":true,"href":"https:\/\/visionpeninsular.com\/mid\/wp-json\/wp\/v2\/categories?post=38680"},{"taxonomy":"post_tag","embeddable":true,"href":"https:\/\/visionpeninsular.com\/mid\/wp-json\/wp\/v2\/tags?post=38680"}],"curies":[{"name":"wp","href":"https:\/\/api.w.org\/{rel}","templated":true}]}}