{"id":38655,"date":"2018-04-09T08:04:10","date_gmt":"2018-04-09T13:04:10","guid":{"rendered":"http:\/\/visionpeninsular.com\/mid\/?p=38655"},"modified":"2018-04-09T08:04:10","modified_gmt":"2018-04-09T13:04:10","slug":"cristina-torres-va-por-la-reeleccion-de-solidaridad","status":"publish","type":"post","link":"https:\/\/visionpeninsular.com\/mid\/cristina-torres-va-por-la-reeleccion-de-solidaridad\/","title":{"rendered":"Cristina Torres va por la reelecci\u00f3n de Solidaridad"},"content":{"rendered":"<p>Todo listo para la competencia, la presidenta municipal de <strong>Solidaridad <\/strong>con licencia, <strong>Cristina Torres G\u00f3mez,<\/strong> se inscribi\u00f3 esta tarde ante el Consejo Municipal del Instituto Electoral de Quintana Roo (Ieqroo) como candidata de la coalici\u00f3n Por Quintana Roo al Frente, con la intenci\u00f3n de reelegirse en el cargo.<\/p>\n<p>Acompa\u00f1ada de los integrantes de su planilla y representantes del Partido Acci\u00f3n Nacional (PAN), Partido de la Revoluci\u00f3n Democr\u00e1tica (PRD) y Movimiento Ciudadano (MC), adem\u00e1s de una peque\u00f1a multitud de seguidores, Torres G\u00f3mez entreg\u00f3 su registro ante la autoridad electoral.<\/p>\n<p>Posteriormente, con un micr\u00f3fono, se dirigi\u00f3 a los congregados, aclarando que todav\u00eda no inicia la campa\u00f1a y que ser\u00e1n respetuosos de los plazos, pero que esperan que se realice una contienda justa y limpia.<\/p>\n<div class='share-to-whatsapp-wrapper'><div class='share-on-whsp'>Share on: <\/div><a data-text='Cristina Torres va por la reelecci\u00f3n de Solidaridad' data-link='https:\/\/visionpeninsular.com\/mid\/cristina-torres-va-por-la-reeleccion-de-solidaridad\/' class='whatsapp-button whatsapp-share'>WhatsApp<\/a><div class='clear '><\/div><\/div>","protected":false},"excerpt":{"rendered":"<p>Todo listo para la competencia, la presidenta municipal de Solidaridad con licencia, Cristina Torres G\u00f3mez, se inscribi\u00f3 esta tarde ante el Consejo Municipal del Instituto Electoral de Quintana Roo (Ieqroo) como candidata de la coalici\u00f3n Por Quintana Roo al Frente, con la intenci\u00f3n de reelegirse en el cargo. Acompa\u00f1ada de los integrantes de su planilla &hellip;<\/p>\n","protected":false},"author":1,"featured_media":38656,"comment_status":"open","ping_status":"open","sticky":false,"template":"","format":"standard","meta":{"_mi_skip_tracking":false},"categories":[48],"tags":[5239],"_links":{"self":[{"href":"https:\/\/visionpeninsular.com\/mid\/wp-json\/wp\/v2\/posts\/38655"}],"collection":[{"href":"https:\/\/visionpeninsular.com\/mid\/wp-json\/wp\/v2\/posts"}],"about":[{"href":"https:\/\/visionpeninsular.com\/mid\/wp-json\/wp\/v2\/types\/post"}],"author":[{"embeddable":true,"href":"https:\/\/visionpeninsular.com\/mid\/wp-json\/wp\/v2\/users\/1"}],"replies":[{"embeddable":true,"href":"https:\/\/visionpeninsular.com\/mid\/wp-json\/wp\/v2\/comments?post=38655"}],"version-history":[{"count":1,"href":"https:\/\/visionpeninsular.com\/mid\/wp-json\/wp\/v2\/posts\/38655\/revisions"}],"predecessor-version":[{"id":38657,"href":"https:\/\/visionpeninsular.com\/mid\/wp-json\/wp\/v2\/posts\/38655\/revisions\/38657"}],"wp:featuredmedia":[{"embeddable":true,"href":"https:\/\/visionpeninsular.com\/mid\/wp-json\/wp\/v2\/media\/38656"}],"wp:attachment":[{"href":"https:\/\/visionpeninsular.com\/mid\/wp-json\/wp\/v2\/media?parent=38655"}],"wp:term":[{"taxonomy":"category","embeddable":true,"href":"https:\/\/visionpeninsular.com\/mid\/wp-json\/wp\/v2\/categories?post=38655"},{"taxonomy":"post_tag","embeddable":true,"href":"https:\/\/visionpeninsular.com\/mid\/wp-json\/wp\/v2\/tags?post=38655"}],"curies":[{"name":"wp","href":"https:\/\/api.w.org\/{rel}","templated":true}]}}