{"id":38634,"date":"2018-04-07T10:02:52","date_gmt":"2018-04-07T15:02:52","guid":{"rendered":"http:\/\/visionpeninsular.com\/mid\/?p=38634"},"modified":"2018-04-07T10:02:52","modified_gmt":"2018-04-07T15:02:52","slug":"no-quieren-a-beristain-como-candidata-de-morena-en-playa-del-carmen","status":"publish","type":"post","link":"https:\/\/visionpeninsular.com\/mid\/no-quieren-a-beristain-como-candidata-de-morena-en-playa-del-carmen\/","title":{"rendered":"No quieren a Beristain como candidata de Morena en Playa del Carmen"},"content":{"rendered":"<p>Un grupo de militantes del partido Movimiento de Regeneraci\u00f3n Nacional (Morena) se manifestaron la ma\u00f1ana de este viernes frente a las instalaciones de Morena en Playa del Carmen, para externar su rechazo a la posibilidad de que sea la experredista Laura Beristain la candidata para competir por la presidencia municipal de Solidaridad.<\/p>\n<p>Sobre este caso, uno de los inconformes Francisco Ortiz, se\u00f1al\u00f3 que si Beristain Navarrete no es la candidata de uni\u00f3n, seguramente eso derivar\u00eda en la derrota en las urnas el siguiente primero de julio.<br \/>\n\u201cSi la designaci\u00f3n de Laura Beristain origina divisiones en Morena, entonces estamos hablando que Laura Beristain no garantiza la unidad de Morena, y por ende tampoco garantiza el triunfo de Morena en Solidaridad\u201d,<\/p>\n<p>De acuerdo con los militantes inconformes, no es nada personal contra Laura Beristain, \u201cpero si lo que estamos buscando es la unidad en el partido, tenemos que buscar un proceso democr\u00e1tico que no sea la manera c\u00f3mo se design\u00f3 a Laura Beristain, nuestra propuesta es que se lleve a cabo una asamblea democr\u00e1tica, abierta\u201d.<\/p>\n<div class='share-to-whatsapp-wrapper'><div class='share-on-whsp'>Share on: <\/div><a data-text='No quieren a Beristain como candidata de Morena en Playa del Carmen' data-link='https:\/\/visionpeninsular.com\/mid\/no-quieren-a-beristain-como-candidata-de-morena-en-playa-del-carmen\/' class='whatsapp-button whatsapp-share'>WhatsApp<\/a><div class='clear '><\/div><\/div>","protected":false},"excerpt":{"rendered":"<p>Un grupo de militantes del partido Movimiento de Regeneraci\u00f3n Nacional (Morena) se manifestaron la ma\u00f1ana de este viernes frente a las instalaciones de Morena en Playa del Carmen, para externar su rechazo a la posibilidad de que sea la experredista Laura Beristain la candidata para competir por la presidencia municipal de Solidaridad. Sobre este caso, &hellip;<\/p>\n","protected":false},"author":1,"featured_media":38638,"comment_status":"open","ping_status":"open","sticky":false,"template":"","format":"standard","meta":{"_mi_skip_tracking":false},"categories":[48],"tags":[10577],"_links":{"self":[{"href":"https:\/\/visionpeninsular.com\/mid\/wp-json\/wp\/v2\/posts\/38634"}],"collection":[{"href":"https:\/\/visionpeninsular.com\/mid\/wp-json\/wp\/v2\/posts"}],"about":[{"href":"https:\/\/visionpeninsular.com\/mid\/wp-json\/wp\/v2\/types\/post"}],"author":[{"embeddable":true,"href":"https:\/\/visionpeninsular.com\/mid\/wp-json\/wp\/v2\/users\/1"}],"replies":[{"embeddable":true,"href":"https:\/\/visionpeninsular.com\/mid\/wp-json\/wp\/v2\/comments?post=38634"}],"version-history":[{"count":1,"href":"https:\/\/visionpeninsular.com\/mid\/wp-json\/wp\/v2\/posts\/38634\/revisions"}],"predecessor-version":[{"id":38639,"href":"https:\/\/visionpeninsular.com\/mid\/wp-json\/wp\/v2\/posts\/38634\/revisions\/38639"}],"wp:featuredmedia":[{"embeddable":true,"href":"https:\/\/visionpeninsular.com\/mid\/wp-json\/wp\/v2\/media\/38638"}],"wp:attachment":[{"href":"https:\/\/visionpeninsular.com\/mid\/wp-json\/wp\/v2\/media?parent=38634"}],"wp:term":[{"taxonomy":"category","embeddable":true,"href":"https:\/\/visionpeninsular.com\/mid\/wp-json\/wp\/v2\/categories?post=38634"},{"taxonomy":"post_tag","embeddable":true,"href":"https:\/\/visionpeninsular.com\/mid\/wp-json\/wp\/v2\/tags?post=38634"}],"curies":[{"name":"wp","href":"https:\/\/api.w.org\/{rel}","templated":true}]}}