{"id":38581,"date":"2018-04-06T09:11:43","date_gmt":"2018-04-06T14:11:43","guid":{"rendered":"http:\/\/visionpeninsular.com\/mid\/?p=38581"},"modified":"2018-04-06T09:11:43","modified_gmt":"2018-04-06T14:11:43","slug":"vestidos-yucatecos-tienen-gran-demanda","status":"publish","type":"post","link":"https:\/\/visionpeninsular.com\/mid\/vestidos-yucatecos-tienen-gran-demanda\/","title":{"rendered":"Vestidos yucatecos tienen  gran demanda"},"content":{"rendered":"<p>Pedro G\u00f3ngora Medina, presidente de la delegaci\u00f3n local de la C\u00e1mara Nacional de la Industria del Vestido (CANAIVE), \u00a0inform\u00f3 que ante la gran \u00a0demanda de prendas de vestir elaboradas en Yucat\u00e1n, se abrir\u00e1n nuevos talleres lo que propiciar\u00e1 la creaci\u00f3n nuevos empleos y se\u00f1al\u00f3 que en la actualidad, la delegaci\u00f3n local cuenta con 140 empresas socias que generan m\u00e1s de 15 mil empleos, y ante el auge que ha mostrado la demanda de la ropa yucateca en mercados extranjeros, \u00a0van a generar m\u00e1s de 2 mil o 3 mil nuevos empleos, y habr\u00e1 crecimiento de varios talleres.<\/p>\n<p>Dijo que los establecimientos con que cuentan en Valladolid, Tizim\u00edn, Motul que se van a ampliar por lo que habr\u00e1 demanda de mano de obra aumentando \u00a0la generaci\u00f3n de empleos en esas comunidades.<\/p>\n<p>En detalle, dijo que una ventaja de la C\u00e1mara de Yucat\u00e1n es que la mano de obra de China, Tailandia y otros pa\u00edses asi\u00e1ticos, se ha puesto muy cara y muy exigente\u00a0 a las empresas extranjeras que ah\u00ed se establecen; ante ello, tienen la mira puesta en Yucat\u00e1n para venir y resalt\u00f3 que en esta temporada de Semana Santa hubo mucha demanda de producto local de acuerdo a la temporada, y ya se preparan con nuevos logotipos y dise\u00f1os para la pr\u00f3xima temporada vacacional de verano.<\/p>\n<p>&nbsp;<\/p>\n<div class='share-to-whatsapp-wrapper'><div class='share-on-whsp'>Share on: <\/div><a data-text='Vestidos yucatecos tienen  gran demanda' data-link='https:\/\/visionpeninsular.com\/mid\/vestidos-yucatecos-tienen-gran-demanda\/' class='whatsapp-button whatsapp-share'>WhatsApp<\/a><div class='clear '><\/div><\/div>","protected":false},"excerpt":{"rendered":"<p>Pedro G\u00f3ngora Medina, presidente de la delegaci\u00f3n local de la C\u00e1mara Nacional de la Industria del Vestido (CANAIVE), \u00a0inform\u00f3 que ante la gran \u00a0demanda de prendas de vestir elaboradas en Yucat\u00e1n, se abrir\u00e1n nuevos talleres lo que propiciar\u00e1 la creaci\u00f3n nuevos empleos y se\u00f1al\u00f3 que en la actualidad, la delegaci\u00f3n local cuenta con 140 empresas &hellip;<\/p>\n","protected":false},"author":5,"featured_media":38582,"comment_status":"open","ping_status":"open","sticky":false,"template":"","format":"standard","meta":{"_mi_skip_tracking":false},"categories":[50,37],"tags":[1542,1693,10564,3037,10563],"_links":{"self":[{"href":"https:\/\/visionpeninsular.com\/mid\/wp-json\/wp\/v2\/posts\/38581"}],"collection":[{"href":"https:\/\/visionpeninsular.com\/mid\/wp-json\/wp\/v2\/posts"}],"about":[{"href":"https:\/\/visionpeninsular.com\/mid\/wp-json\/wp\/v2\/types\/post"}],"author":[{"embeddable":true,"href":"https:\/\/visionpeninsular.com\/mid\/wp-json\/wp\/v2\/users\/5"}],"replies":[{"embeddable":true,"href":"https:\/\/visionpeninsular.com\/mid\/wp-json\/wp\/v2\/comments?post=38581"}],"version-history":[{"count":1,"href":"https:\/\/visionpeninsular.com\/mid\/wp-json\/wp\/v2\/posts\/38581\/revisions"}],"predecessor-version":[{"id":38583,"href":"https:\/\/visionpeninsular.com\/mid\/wp-json\/wp\/v2\/posts\/38581\/revisions\/38583"}],"wp:featuredmedia":[{"embeddable":true,"href":"https:\/\/visionpeninsular.com\/mid\/wp-json\/wp\/v2\/media\/38582"}],"wp:attachment":[{"href":"https:\/\/visionpeninsular.com\/mid\/wp-json\/wp\/v2\/media?parent=38581"}],"wp:term":[{"taxonomy":"category","embeddable":true,"href":"https:\/\/visionpeninsular.com\/mid\/wp-json\/wp\/v2\/categories?post=38581"},{"taxonomy":"post_tag","embeddable":true,"href":"https:\/\/visionpeninsular.com\/mid\/wp-json\/wp\/v2\/tags?post=38581"}],"curies":[{"name":"wp","href":"https:\/\/api.w.org\/{rel}","templated":true}]}}