{"id":38343,"date":"2018-03-31T09:52:24","date_gmt":"2018-03-31T15:52:24","guid":{"rendered":"http:\/\/visionpeninsular.com\/mid\/?p=38343"},"modified":"2018-03-31T09:52:24","modified_gmt":"2018-03-31T15:52:24","slug":"viven-miles-de-campechanos-pasion-y-muerte-de-jesus","status":"publish","type":"post","link":"https:\/\/visionpeninsular.com\/mid\/viven-miles-de-campechanos-pasion-y-muerte-de-jesus\/","title":{"rendered":"Viven miles de campechanos pasi\u00f3n y muerte de Jes\u00fas"},"content":{"rendered":"<p>Sin importar los intensos rayos del sol y las altas temperaturas que se registraron ayer por la ma\u00f1ana, miles de cat\u00f3licos participaron con devoci\u00f3n para recordar la pasi\u00f3n y muerte de Jesucristo a trav\u00e9s de la Viacrucis Viviente que desde hace 56 a\u00f1os la Iglesia de Santa Ana ha llevado a cabo.<\/p>\n<p>-Porqu\u00e9 \u00e9l dando su vida, a nosotros nos ofrece la vida; dando su vida nos da el perd\u00f3n; \u00e9l dando su vida resucitando, nos invita tambi\u00e9n a nosotros a participar, participemos pues con devoci\u00f3n esta catequesis representada en la pasi\u00f3n de Cristo y acomp\u00e1\u00f1emelos junto a Mar\u00eda su madre en estos sufrimientos que vive para que participando de su muerte igual participen en su resurrecci\u00f3n.<\/p>\n<p>Esas fueron las palabras que el Obispo Jos\u00e9 Francisco Gonz\u00e1lez Gonz\u00e1lez, acompa\u00f1ado del p\u00e1rroco Jos\u00e9 Armando Rosado Cel, manifest\u00f3 ante la feligres\u00eda cat\u00f3lica momentos antes de que iniciara la Viacrucis Viviente, para un momento de reflexi\u00f3n durante el recorrido.<\/p>\n<p>Posteriormente en punto de las 9:00 horas, alrededor de 180 personas caracterizadas entre personajes principales y extras, subieron a escena en el atrio de la parroquia para representar las primeras estaciones donde Jes\u00fas fue condenado a muerte y donde los jud\u00edos tomaron a Jes\u00fas y carg\u00e1ndole la cruz sali\u00f3 hac\u00eda el lugar llamado calvario.<\/p>\n<p>Luego inici\u00f3 el trayecto donde por casi dos horas, el se\u00f1or Javier Estrada Montejo quien interpret\u00f3 a Jes\u00fas, se dispuso a cargar una cruz de 48 kilos que recorri\u00f3 las principales calles del barrio de Santa Ana y como iban avanzando el primero en ayudarlo fue el Obispo Jos\u00e9 Francisco Gonz\u00e1lez Gonz\u00e1lez.<\/p>\n<figure id=\"attachment_114936\" class=\"wp-caption alignright\"><\/figure>\n<p>Se escenificaron cada una de las estaciones, entre ellas las tres ca\u00eddas de Jes\u00fas, la primera en la tercera estaci\u00f3n, la segunda en la s\u00e9ptima estaci\u00f3n y la tercera correspondi\u00f3 en la novena estaci\u00f3n, donde en todas est\u00e1s Jes\u00fas de Nazaret sufri\u00f3 humillaci\u00f3n, dolor y sufri\u00f3 para el perd\u00f3n de los pecados.<\/p>\n<p>Fue en la d\u00e9cimo primera estaci\u00f3n cuando la feligres\u00eda cat\u00f3lica retorno al atrio y percibieron la representaci\u00f3n cuando Jes\u00fas fue clavado en la cruz junto a dos ladrones, uno a la derecha y el otro a la izquierda, mientras su madre Mar\u00eda acompa\u00f1ada de su hermana Mar\u00eda de la Cleof\u00e1s y Mar\u00eda Magdalena sufr\u00edan al verlo. Asimismo se represent\u00f3 la duod\u00e9cima, d\u00e9cimo tercera y la \u00faltima estaci\u00f3n, donde Cristo muere en la cruz en los brazos de Mar\u00eda Sant\u00edsima y finalmente fue puesto en el sepulcro.<\/p>\n<p>Cabe mencionar que durante el trayecto se cont\u00f3 con la participaci\u00f3n de elementos de la Secretar\u00eda de Seguridad P\u00fablica, Protecci\u00f3n Civil y la Cruz Roja, y s\u00f3lo se registraron dos percances por golpes de calor por dos mujeres, quienes fueron atendidas.<\/p>\n<div class='share-to-whatsapp-wrapper'><div class='share-on-whsp'>Share on: <\/div><a data-text='Viven miles de campechanos pasi\u00f3n y muerte de Jes\u00fas' data-link='https:\/\/visionpeninsular.com\/mid\/viven-miles-de-campechanos-pasion-y-muerte-de-jesus\/' class='whatsapp-button whatsapp-share'>WhatsApp<\/a><div class='clear '><\/div><\/div>","protected":false},"excerpt":{"rendered":"<p>Sin importar los intensos rayos del sol y las altas temperaturas que se registraron ayer por la ma\u00f1ana, miles de cat\u00f3licos participaron con devoci\u00f3n para recordar la pasi\u00f3n y muerte de Jesucristo a trav\u00e9s de la Viacrucis Viviente que desde hace 56 a\u00f1os la Iglesia de Santa Ana ha llevado a cabo. -Porqu\u00e9 \u00e9l dando &hellip;<\/p>\n","protected":false},"author":1,"featured_media":38345,"comment_status":"open","ping_status":"open","sticky":false,"template":"","format":"standard","meta":{"_mi_skip_tracking":false},"categories":[46],"tags":[10493],"_links":{"self":[{"href":"https:\/\/visionpeninsular.com\/mid\/wp-json\/wp\/v2\/posts\/38343"}],"collection":[{"href":"https:\/\/visionpeninsular.com\/mid\/wp-json\/wp\/v2\/posts"}],"about":[{"href":"https:\/\/visionpeninsular.com\/mid\/wp-json\/wp\/v2\/types\/post"}],"author":[{"embeddable":true,"href":"https:\/\/visionpeninsular.com\/mid\/wp-json\/wp\/v2\/users\/1"}],"replies":[{"embeddable":true,"href":"https:\/\/visionpeninsular.com\/mid\/wp-json\/wp\/v2\/comments?post=38343"}],"version-history":[{"count":1,"href":"https:\/\/visionpeninsular.com\/mid\/wp-json\/wp\/v2\/posts\/38343\/revisions"}],"predecessor-version":[{"id":38346,"href":"https:\/\/visionpeninsular.com\/mid\/wp-json\/wp\/v2\/posts\/38343\/revisions\/38346"}],"wp:featuredmedia":[{"embeddable":true,"href":"https:\/\/visionpeninsular.com\/mid\/wp-json\/wp\/v2\/media\/38345"}],"wp:attachment":[{"href":"https:\/\/visionpeninsular.com\/mid\/wp-json\/wp\/v2\/media?parent=38343"}],"wp:term":[{"taxonomy":"category","embeddable":true,"href":"https:\/\/visionpeninsular.com\/mid\/wp-json\/wp\/v2\/categories?post=38343"},{"taxonomy":"post_tag","embeddable":true,"href":"https:\/\/visionpeninsular.com\/mid\/wp-json\/wp\/v2\/tags?post=38343"}],"curies":[{"name":"wp","href":"https:\/\/api.w.org\/{rel}","templated":true}]}}