{"id":3795,"date":"2016-05-17T17:55:23","date_gmt":"2016-05-17T22:55:23","guid":{"rendered":"http:\/\/visionpeninsular.com\/mid\/?p=3795"},"modified":"2016-05-17T18:12:11","modified_gmt":"2016-05-17T23:12:11","slug":"lideres-religiosos-son-capacitados-para-para-cumplir-con-sus-obligaciones-y-deberes-conforme-a-la-ley","status":"publish","type":"post","link":"https:\/\/visionpeninsular.com\/mid\/lideres-religiosos-son-capacitados-para-para-cumplir-con-sus-obligaciones-y-deberes-conforme-a-la-ley\/","title":{"rendered":"L\u00edderes Religiosos son capacitados para cumplir con sus obligaciones y deberes conforme a la ley"},"content":{"rendered":"<p style=\"line-height: 18.0pt;background: white;vertical-align: baseline;margin: 0cm 0cm 9.75pt 0cm\"><span style=\"font-size: 10.5pt;font-family: 'Arial','sans-serif';color: #555555\">L\u00edderes de las diversas asociaciones religiosas en el estado recibieron asesor\u00eda y capacitaci\u00f3n sobre el R\u00e9gimen Fiscal Aplicable a estas agrupaciones para el ejercicio 2016, que les permitir\u00e1 llevar un control electr\u00f3nico de sus finanzas y cumplir con sus obligaciones en el rubro.<\/span><\/p>\n<p style=\"line-height: 18.0pt;background: white;vertical-align: baseline;text-align: start;margin: 0cm 0cm 9.75pt 0cm\"><span style=\"font-size: 10.5pt;font-family: 'Arial','sans-serif';color: #555555\">Al inaugurar el curso, la titular de la Subsecretar\u00eda de Desarrollo Social y Asuntos Religiosos del Gobierno del Estado, Ana Gabriela Aguilar Ruiz, destac\u00f3 la importancia de preparar a los dirigentes de estos organismos para que conozcan los deberes que tienen conforme a la ley.<\/span><\/p>\n<p style=\"line-height: 18.0pt;background: white;vertical-align: baseline;text-align: start;margin: 0cm 0cm 9.75pt 0cm\"><span style=\"font-size: 10.5pt;font-family: 'Arial','sans-serif';color: #555555\">\u201cLas asociaciones religiosas deben de llevar un registro b\u00e1sico de todas sus operaciones e informar sobre sus ingresos y egresos ante la Secretar\u00eda de Hacienda y Cr\u00e9dito P\u00fablico (SHCP). Su obligaci\u00f3n es presentar su declaraci\u00f3n una vez al a\u00f1o, la finalidad de esta medida es transparentar los recursos que manejan estas organizaciones sin fines recaudatorios\u201d, explic\u00f3.<\/span><\/p>\n<p style=\"line-height: 18.0pt;background: white;vertical-align: baseline;text-align: start;margin: 0cm 0cm 9.75pt 0cm\"><span style=\"font-size: 10.5pt;font-family: 'Arial','sans-serif';color: #555555\">El taller fue impartido por la administradora de Servicios al Contribuyente del Servicio de Administraci\u00f3n Tributaria (SAT) en M\u00e9rida, Leticia Jeanette Mart\u00ednez Medina, quien orient\u00f3 a sus participantes sobre c\u00f3mo llevar dicho registro para hacer su declaraci\u00f3n informativa anual ante la instancia.<\/span><\/p>\n<p style=\"line-height: 18.0pt;background: white;vertical-align: baseline;text-align: start;margin: 0cm 0cm 9.75pt 0cm\"><span style=\"font-size: 10.5pt;font-family: 'Arial','sans-serif';color: #555555\">En la instrucci\u00f3n, que se llev\u00f3 a cabo en las instalaciones de la Universidad Tecnol\u00f3gica Metropolitana (UTM), la capacitadora abord\u00f3 temas relativos a los Impuestos Sobre la Renta (ISR) y al Valor Agregado (IVA), as\u00ed como las obligaciones y facilidades administrativas que deben cumplir los que conforman este sector en la entidad.<\/span><\/p>\n<p style=\"line-height: 18.0pt;background: white;vertical-align: baseline;text-align: start;margin: 0cm 0cm 9.75pt 0cm\"><span style=\"font-size: 10.5pt;font-family: 'Arial','sans-serif';color: #555555\">Ante representantes de dichas organizaciones pertenecientes a los municipios de Kanas\u00edn, M\u00e9rida, Yaxcab\u00e1, Tekax, Tixkokob, Ticul, Oxkutzcab, Cantemayec, Um\u00e1n, Yoba\u00edn, Tizim\u00edn y Hom\u00fan, Aguilar Ruiz indic\u00f3 que este paso se efect\u00faa de manera electr\u00f3nica a trav\u00e9s del portal www.sat.gob.mx, ingresando al apartado Mis Cuentas.<\/span><\/p>\n<p style=\"line-height: 18.0pt;background: white;vertical-align: baseline;text-align: start;margin: 0cm 0cm 9.75pt 0cm\"><span style=\"font-size: 10.5pt;font-family: 'Arial','sans-serif';color: #555555\">La funcionaria record\u00f3 que se debe presentar la declaraci\u00f3n informativa a m\u00e1s tardar el 15 de febrero de 2017, por lo que convoc\u00f3 a aplicar a la brevedad el proceso de control financiero.<\/span><\/p>\n<p style=\"line-height: 18.0pt;background: white;vertical-align: baseline;text-align: start;margin: 0cm 0cm 9.75pt 0cm\"><span style=\"font-size: 10.5pt;font-family: 'Arial','sans-serif';color: #555555\">En presencia del encargado de la Rector\u00eda de la UTM, Rodrigo Cejudo Valencia, la subsecretaria reconoci\u00f3 el inter\u00e9s de las agrupaciones por la correcta aplicaci\u00f3n de estas medidas en cumplimiento a la ley y con sus feligreses, adem\u00e1s de que reiter\u00f3 su compromiso para seguir brindando apoyo a la comunidad creyente.<\/span><\/p>\n<div class='share-to-whatsapp-wrapper'><div class='share-on-whsp'>Share on: <\/div><a data-text='L\u00edderes Religiosos son capacitados para cumplir con sus obligaciones y deberes conforme a la ley' data-link='https:\/\/visionpeninsular.com\/mid\/lideres-religiosos-son-capacitados-para-para-cumplir-con-sus-obligaciones-y-deberes-conforme-a-la-ley\/' class='whatsapp-button whatsapp-share'>WhatsApp<\/a><div class='clear '><\/div><\/div>","protected":false},"excerpt":{"rendered":"<p>L\u00edderes de las diversas asociaciones religiosas en el estado recibieron asesor\u00eda y capacitaci\u00f3n sobre el R\u00e9gimen Fiscal Aplicable a estas agrupaciones para el ejercicio 2016, que les permitir\u00e1 llevar un control electr\u00f3nico de sus finanzas y cumplir con sus obligaciones en el rubro. Al inaugurar el curso, la titular de la Subsecretar\u00eda de Desarrollo Social &hellip;<\/p>\n","protected":false},"author":3,"featured_media":3796,"comment_status":"open","ping_status":"open","sticky":false,"template":"","format":"standard","meta":{"_mi_skip_tracking":false},"categories":[50,37],"tags":[819,818],"_links":{"self":[{"href":"https:\/\/visionpeninsular.com\/mid\/wp-json\/wp\/v2\/posts\/3795"}],"collection":[{"href":"https:\/\/visionpeninsular.com\/mid\/wp-json\/wp\/v2\/posts"}],"about":[{"href":"https:\/\/visionpeninsular.com\/mid\/wp-json\/wp\/v2\/types\/post"}],"author":[{"embeddable":true,"href":"https:\/\/visionpeninsular.com\/mid\/wp-json\/wp\/v2\/users\/3"}],"replies":[{"embeddable":true,"href":"https:\/\/visionpeninsular.com\/mid\/wp-json\/wp\/v2\/comments?post=3795"}],"version-history":[{"count":2,"href":"https:\/\/visionpeninsular.com\/mid\/wp-json\/wp\/v2\/posts\/3795\/revisions"}],"predecessor-version":[{"id":3804,"href":"https:\/\/visionpeninsular.com\/mid\/wp-json\/wp\/v2\/posts\/3795\/revisions\/3804"}],"wp:featuredmedia":[{"embeddable":true,"href":"https:\/\/visionpeninsular.com\/mid\/wp-json\/wp\/v2\/media\/3796"}],"wp:attachment":[{"href":"https:\/\/visionpeninsular.com\/mid\/wp-json\/wp\/v2\/media?parent=3795"}],"wp:term":[{"taxonomy":"category","embeddable":true,"href":"https:\/\/visionpeninsular.com\/mid\/wp-json\/wp\/v2\/categories?post=3795"},{"taxonomy":"post_tag","embeddable":true,"href":"https:\/\/visionpeninsular.com\/mid\/wp-json\/wp\/v2\/tags?post=3795"}],"curies":[{"name":"wp","href":"https:\/\/api.w.org\/{rel}","templated":true}]}}