{"id":37752,"date":"2018-03-17T09:38:37","date_gmt":"2018-03-17T15:38:37","guid":{"rendered":"http:\/\/visionpeninsular.com\/mid\/?p=37752"},"modified":"2018-03-17T09:38:37","modified_gmt":"2018-03-17T15:38:37","slug":"se-anuncio-que-campeche-sera-sede-del-sorteo-de-la-inclusion-a-realizarse-el-proximo-30-de-abril-para-celebrar-el-dia-del-nino","status":"publish","type":"post","link":"https:\/\/visionpeninsular.com\/mid\/se-anuncio-que-campeche-sera-sede-del-sorteo-de-la-inclusion-a-realizarse-el-proximo-30-de-abril-para-celebrar-el-dia-del-nino\/","title":{"rendered":"Se anunci\u00f3 que Campeche ser\u00e1 sede del Sorteo de la Inclusi\u00f3n, a realizarse el pr\u00f3ximo 30 de abril, para celebrar el D\u00eda del Ni\u00f1o"},"content":{"rendered":"<p>Desde ayer, con una inversi\u00f3n de 7 millones pesos, Playa Bonita se suma a la lista de playas inclusivas del pa\u00eds, tras ser inaugurada por la presidenta del DIF Estatal Campeche, Christelle Casta\u00f1\u00f3n de Moreno, y la directora general del DIF Nacional, Laura Barrera Fortoul, quien durante su gira de trabajo por esta capital, anunci\u00f3 otro balneario inclusivo, en el municipio de Carmen, as\u00ed como ocho millones de pesos para unidades b\u00e1sicas de rehabilitaci\u00f3n, adem\u00e1s de entregar 60 motos adaptadas.<\/p>\n<p>Durante el evento, y tras las palabras de agradecimiento de la Sra. Casta\u00f1\u00f3n de Moreno al apoyo y respaldo del presidente Enrique Pe\u00f1a Nieto y a su esposa, la presidenta del Sistema Nacional DIF, Ang\u00e9lica Rivera de Pe\u00f1a, se procedi\u00f3 a la firma de convenio de colaboraci\u00f3n para familias de acogida, as\u00ed como otro para recursos y la construcci\u00f3n de una playa inclusiva en Carmen, as\u00ed como para la Red de Registros para la Protecci\u00f3n de Ni\u00f1as, Ni\u00f1os y Adolescentes.<\/p>\n<p>Ah\u00ed, Barrera Fortoul reconoci\u00f3 en Christelle Casta\u00f1\u00f3n como \u201cuna de las mejores primeras damas del pa\u00eds. Mujer comprometida, que siente el dolor ajeno como propio. Tiene gran voluntad y poder de convencimiento sobre el gobernador, lo que le ha permitido que el amor se refleje en el presupuesto. Por eso tantas acciones del DIF Estatal\u201d, subray\u00f3, tras la entrega de equipos auxiliares auditivos a ni\u00f1as y ni\u00f1os.<\/p>\n<p>Destac\u00f3 la entrega de cuatro millones de pesos, que destinar\u00e1n a unidades b\u00e1sicas de rehabilitaci\u00f3n, 15 motocicletas adaptadas adicionales a las 60 que entregaron ayer, por un mill\u00f3n 687 mil 947 pesos.<\/p>\n<p>Adem\u00e1s, confirm\u00f3 que Campeche estar\u00e1 certificado para colocar implantes cocleares a ni\u00f1as y ni\u00f1os, sobre todo de familias vulnerables.<\/p>\n<p>En su intervenci\u00f3n, la Sra. Casta\u00f1\u00f3n de Moreno tambi\u00e9n resalt\u00f3 que con estas acciones el Gobierno del Estado contribuye a consolidar el bienestar de las familias que m\u00e1s lo necesitan y que \u201ceso nos da mucho \u00e1nimo de seguir adelante y ganas de continuar laborando por la gente\u201d.<\/p>\n<p>Agreg\u00f3 que gracias al impulso de su esposo, el gobernador Alejandro Moreno C\u00e1rdenas, que todos los d\u00edas trabaja en pro de las familias campechanas, y les dice que hay que apoyar por igual a los grupos vulnerables.<\/p>\n<div class='share-to-whatsapp-wrapper'><div class='share-on-whsp'>Share on: <\/div><a data-text='Se anunci\u00f3 que Campeche ser\u00e1 sede del Sorteo de la Inclusi\u00f3n, a realizarse el pr\u00f3ximo 30 de abril, para celebrar el D\u00eda del Ni\u00f1o' data-link='https:\/\/visionpeninsular.com\/mid\/se-anuncio-que-campeche-sera-sede-del-sorteo-de-la-inclusion-a-realizarse-el-proximo-30-de-abril-para-celebrar-el-dia-del-nino\/' class='whatsapp-button whatsapp-share'>WhatsApp<\/a><div class='clear '><\/div><\/div>","protected":false},"excerpt":{"rendered":"<p>Desde ayer, con una inversi\u00f3n de 7 millones pesos, Playa Bonita se suma a la lista de playas inclusivas del pa\u00eds, tras ser inaugurada por la presidenta del DIF Estatal Campeche, Christelle Casta\u00f1\u00f3n de Moreno, y la directora general del DIF Nacional, Laura Barrera Fortoul, quien durante su gira de trabajo por esta capital, anunci\u00f3 &hellip;<\/p>\n","protected":false},"author":1,"featured_media":37753,"comment_status":"open","ping_status":"open","sticky":false,"template":"","format":"standard","meta":{"_mi_skip_tracking":false},"categories":[45],"tags":[331],"_links":{"self":[{"href":"https:\/\/visionpeninsular.com\/mid\/wp-json\/wp\/v2\/posts\/37752"}],"collection":[{"href":"https:\/\/visionpeninsular.com\/mid\/wp-json\/wp\/v2\/posts"}],"about":[{"href":"https:\/\/visionpeninsular.com\/mid\/wp-json\/wp\/v2\/types\/post"}],"author":[{"embeddable":true,"href":"https:\/\/visionpeninsular.com\/mid\/wp-json\/wp\/v2\/users\/1"}],"replies":[{"embeddable":true,"href":"https:\/\/visionpeninsular.com\/mid\/wp-json\/wp\/v2\/comments?post=37752"}],"version-history":[{"count":1,"href":"https:\/\/visionpeninsular.com\/mid\/wp-json\/wp\/v2\/posts\/37752\/revisions"}],"predecessor-version":[{"id":37754,"href":"https:\/\/visionpeninsular.com\/mid\/wp-json\/wp\/v2\/posts\/37752\/revisions\/37754"}],"wp:featuredmedia":[{"embeddable":true,"href":"https:\/\/visionpeninsular.com\/mid\/wp-json\/wp\/v2\/media\/37753"}],"wp:attachment":[{"href":"https:\/\/visionpeninsular.com\/mid\/wp-json\/wp\/v2\/media?parent=37752"}],"wp:term":[{"taxonomy":"category","embeddable":true,"href":"https:\/\/visionpeninsular.com\/mid\/wp-json\/wp\/v2\/categories?post=37752"},{"taxonomy":"post_tag","embeddable":true,"href":"https:\/\/visionpeninsular.com\/mid\/wp-json\/wp\/v2\/tags?post=37752"}],"curies":[{"name":"wp","href":"https:\/\/api.w.org\/{rel}","templated":true}]}}