{"id":37705,"date":"2018-03-16T09:33:26","date_gmt":"2018-03-16T15:33:26","guid":{"rendered":"http:\/\/visionpeninsular.com\/mid\/?p=37705"},"modified":"2018-03-16T09:33:26","modified_gmt":"2018-03-16T15:33:26","slug":"marcha-atras-remueven-a-victor-cruz-pool","status":"publish","type":"post","link":"https:\/\/visionpeninsular.com\/mid\/marcha-atras-remueven-a-victor-cruz-pool\/","title":{"rendered":"Marcha atr\u00e1s: remueven a V\u00edctor Cruz Pool"},"content":{"rendered":"<p>La Secretar\u00eda de Educaci\u00f3n Estatal (SEGEY), dio marcha atr\u00e1s al nombramiento de V\u00edctor Cruz Pool como director de la Escuela Preparatoria Estatal 7 \u201cEligio Ancona\u201d, quien hab\u00eda sido nombrado tras el paro de labores de maestros y alumnos de dicha escuela hace apenas unos d\u00edas.<\/p>\n<p>La profesora Adriana Cauich Suaste, mencion\u00f3 que Gabriela Zapata Villalobos, directora de Educaci\u00f3n Media Superior de la SEGEY, acudi\u00f3\u00a0 a la mencionada escuela para la remoci\u00f3n de V\u00edctor Cruz Pool como director, designado por ella misma y que fuera causa de la protesta y paro de labores en la mencionada instituci\u00f3n educativa, \u00a0debido a la inconformidad por los \u201cmalos antecedentes\u201d de V\u00edctor Cruz quien fuera destituido de la Escuela Normal de Dzidzant\u00fan por malos manejos.<\/p>\n<p>Al frente de la escuela qued\u00f3 como director respnsable, hasta final de semestre,\u00a0 Jes\u00fas Marfil Ilacedo, designado por Gabriel Zapata, quien dijo que daba marcha atr\u00e1s y que todo quedaba como antes.<\/p>\n<p>La maestra Adriana Cauich manifest\u00f3 que ellos insisten en que el maestro Aar\u00f3n Vivas Osorio sea el director de la escuela, \u201ctoda la plantilla docente y trabajadores administrativos quieren que \u00e9l sea el director u otra persona dentro de esta misma escuela\u201d, explic\u00f3.<\/p>\n<div class='share-to-whatsapp-wrapper'><div class='share-on-whsp'>Share on: <\/div><a data-text='Marcha atr\u00e1s: remueven a V\u00edctor Cruz Pool' data-link='https:\/\/visionpeninsular.com\/mid\/marcha-atras-remueven-a-victor-cruz-pool\/' class='whatsapp-button whatsapp-share'>WhatsApp<\/a><div class='clear '><\/div><\/div>","protected":false},"excerpt":{"rendered":"<p>La Secretar\u00eda de Educaci\u00f3n Estatal (SEGEY), dio marcha atr\u00e1s al nombramiento de V\u00edctor Cruz Pool como director de la Escuela Preparatoria Estatal 7 \u201cEligio Ancona\u201d, quien hab\u00eda sido nombrado tras el paro de labores de maestros y alumnos de dicha escuela hace apenas unos d\u00edas. La profesora Adriana Cauich Suaste, mencion\u00f3 que Gabriela Zapata Villalobos, &hellip;<\/p>\n","protected":false},"author":5,"featured_media":37707,"comment_status":"open","ping_status":"open","sticky":false,"template":"","format":"standard","meta":{"_mi_skip_tracking":false},"categories":[49,37],"tags":[4802,10342,604,10343],"_links":{"self":[{"href":"https:\/\/visionpeninsular.com\/mid\/wp-json\/wp\/v2\/posts\/37705"}],"collection":[{"href":"https:\/\/visionpeninsular.com\/mid\/wp-json\/wp\/v2\/posts"}],"about":[{"href":"https:\/\/visionpeninsular.com\/mid\/wp-json\/wp\/v2\/types\/post"}],"author":[{"embeddable":true,"href":"https:\/\/visionpeninsular.com\/mid\/wp-json\/wp\/v2\/users\/5"}],"replies":[{"embeddable":true,"href":"https:\/\/visionpeninsular.com\/mid\/wp-json\/wp\/v2\/comments?post=37705"}],"version-history":[{"count":1,"href":"https:\/\/visionpeninsular.com\/mid\/wp-json\/wp\/v2\/posts\/37705\/revisions"}],"predecessor-version":[{"id":37708,"href":"https:\/\/visionpeninsular.com\/mid\/wp-json\/wp\/v2\/posts\/37705\/revisions\/37708"}],"wp:featuredmedia":[{"embeddable":true,"href":"https:\/\/visionpeninsular.com\/mid\/wp-json\/wp\/v2\/media\/37707"}],"wp:attachment":[{"href":"https:\/\/visionpeninsular.com\/mid\/wp-json\/wp\/v2\/media?parent=37705"}],"wp:term":[{"taxonomy":"category","embeddable":true,"href":"https:\/\/visionpeninsular.com\/mid\/wp-json\/wp\/v2\/categories?post=37705"},{"taxonomy":"post_tag","embeddable":true,"href":"https:\/\/visionpeninsular.com\/mid\/wp-json\/wp\/v2\/tags?post=37705"}],"curies":[{"name":"wp","href":"https:\/\/api.w.org\/{rel}","templated":true}]}}