{"id":37513,"date":"2018-03-12T07:56:05","date_gmt":"2018-03-12T13:56:05","guid":{"rendered":"http:\/\/visionpeninsular.com\/mid\/?p=37513"},"modified":"2018-03-12T07:56:05","modified_gmt":"2018-03-12T13:56:05","slug":"urge-que-el-pan-designe-candidato-a-la-alcaldia-del-carmen","status":"publish","type":"post","link":"https:\/\/visionpeninsular.com\/mid\/urge-que-el-pan-designe-candidato-a-la-alcaldia-del-carmen\/","title":{"rendered":"Urge que el PAN designe candidato a la alcald\u00eda del Carmen"},"content":{"rendered":"<p>Entre este lunes y martes, se debe saber qui\u00e9n ser\u00e1 el candidato a la alcald\u00eda de Carmen, por el Partido Acci\u00f3n Nacional, afirm\u00f3 la quinta regidora Mayela Cristina Mart\u00ednez Arroyo, agregando que el que sea postulado, recibir\u00e1 todo el apoyo de la militancia.<\/p>\n<p>Consider\u00f3 que es urgente que se nombre a un candidato; sin embargo extern\u00f3 que en Acci\u00f3n Nacional las cosas se hacen bien, precisando que el aspirante que salga, sea hombre o mujer, ser\u00e1 la mejor carta de presentaci\u00f3n del blanquiazul.<\/p>\n<figure id=\"attachment_111673\" class=\"wp-caption alignright\"><figcaption class=\"wp-caption-text\"><\/figcaption><\/figure>\n<p>Dijo que la declinaci\u00f3n de Jorge Rosi\u00f1ol Abreu, no les afecta en nada, pues es parte del show pol\u00edtico, lo que si asever\u00f3, es que en el blanquiazul contin\u00faa trabajando con la poblaci\u00f3n en general que es la emite el voto y su confianza el d\u00eda de la elecci\u00f3n, por ello, insisti\u00f3 en que se debe nombrar al candidato lo m\u00e1s pronto posible.<\/p>\n<p>Respecto a que se rumora que el Rosi\u00f1ol Abreu podr\u00eda contender como candidato del Partido Encuentro Social (PES), expres\u00f3 que solamente se trata de eso, de simples especulaciones, sin embargo, dijo que respeta la decisi\u00f3n de cada persona, adem\u00e1s que si la gente lo dice o lo comenta, ser\u00e1 el propio Rosi\u00f1ol quien tome la decisi\u00f3n definitiva.<\/p>\n<div class='share-to-whatsapp-wrapper'><div class='share-on-whsp'>Share on: <\/div><a data-text='Urge que el PAN designe candidato a la alcald\u00eda del Carmen' data-link='https:\/\/visionpeninsular.com\/mid\/urge-que-el-pan-designe-candidato-a-la-alcaldia-del-carmen\/' class='whatsapp-button whatsapp-share'>WhatsApp<\/a><div class='clear '><\/div><\/div>","protected":false},"excerpt":{"rendered":"<p>Entre este lunes y martes, se debe saber qui\u00e9n ser\u00e1 el candidato a la alcald\u00eda de Carmen, por el Partido Acci\u00f3n Nacional, afirm\u00f3 la quinta regidora Mayela Cristina Mart\u00ednez Arroyo, agregando que el que sea postulado, recibir\u00e1 todo el apoyo de la militancia. Consider\u00f3 que es urgente que se nombre a un candidato; sin embargo &hellip;<\/p>\n","protected":false},"author":1,"featured_media":37514,"comment_status":"open","ping_status":"open","sticky":false,"template":"","format":"standard","meta":{"_mi_skip_tracking":false},"categories":[46],"tags":[10305],"_links":{"self":[{"href":"https:\/\/visionpeninsular.com\/mid\/wp-json\/wp\/v2\/posts\/37513"}],"collection":[{"href":"https:\/\/visionpeninsular.com\/mid\/wp-json\/wp\/v2\/posts"}],"about":[{"href":"https:\/\/visionpeninsular.com\/mid\/wp-json\/wp\/v2\/types\/post"}],"author":[{"embeddable":true,"href":"https:\/\/visionpeninsular.com\/mid\/wp-json\/wp\/v2\/users\/1"}],"replies":[{"embeddable":true,"href":"https:\/\/visionpeninsular.com\/mid\/wp-json\/wp\/v2\/comments?post=37513"}],"version-history":[{"count":1,"href":"https:\/\/visionpeninsular.com\/mid\/wp-json\/wp\/v2\/posts\/37513\/revisions"}],"predecessor-version":[{"id":37515,"href":"https:\/\/visionpeninsular.com\/mid\/wp-json\/wp\/v2\/posts\/37513\/revisions\/37515"}],"wp:featuredmedia":[{"embeddable":true,"href":"https:\/\/visionpeninsular.com\/mid\/wp-json\/wp\/v2\/media\/37514"}],"wp:attachment":[{"href":"https:\/\/visionpeninsular.com\/mid\/wp-json\/wp\/v2\/media?parent=37513"}],"wp:term":[{"taxonomy":"category","embeddable":true,"href":"https:\/\/visionpeninsular.com\/mid\/wp-json\/wp\/v2\/categories?post=37513"},{"taxonomy":"post_tag","embeddable":true,"href":"https:\/\/visionpeninsular.com\/mid\/wp-json\/wp\/v2\/tags?post=37513"}],"curies":[{"name":"wp","href":"https:\/\/api.w.org\/{rel}","templated":true}]}}