{"id":37157,"date":"2018-03-03T13:41:41","date_gmt":"2018-03-03T19:41:41","guid":{"rendered":"http:\/\/visionpeninsular.com\/mid\/?p=37157"},"modified":"2018-03-03T13:41:41","modified_gmt":"2018-03-03T19:41:41","slug":"zona-alarma-brote-varicela-en-yucatan","status":"publish","type":"post","link":"https:\/\/visionpeninsular.com\/mid\/zona-alarma-brote-varicela-en-yucatan\/","title":{"rendered":"Zona de alarma  por brote de varicela en Yucat\u00e1n"},"content":{"rendered":"<p>El Director de Prevenci\u00f3n y Atenci\u00f3n a la Salud de la Secretar\u00eda de Salud de Yucat\u00e1n (SSY), Manuel Paredes Aguilar, advirti\u00f3 acerca del brote de varicela \u00a0se encuentra en zona de alarma, aunque \u00e9sta podr\u00eda disminuir durante los pr\u00f3ximos d\u00edas y mencion\u00f3 que hasta el 17 d febrero, se confirmaron 729 casos de la enfermedad, lo que supera en m\u00e1s de un 100% los 304 que se contabilizaron en el mismo periodo \u00a0del 2017, aunque dej\u00f3 en claro que esto no habla de una epidemia.<\/p>\n<p>En la actual semana epidemiol\u00f3gica, se confirmaron 118 casos nuevos con los que suman los 729 que van en el a\u00f1o, de los que 408 son hombres y 321 mujeres.<\/p>\n<p>La semana anterior, la autoridad contabiliz\u00f3 146 casos nuevos, cifra que redujo considerablemente los \u00faltimos 7 d\u00edas.<\/p>\n<p>\u201cSe trata de una zona de alarma, pues el a\u00f1o pasado tambi\u00e9n hubo bastantes casos. Debe haber decremento en los pr\u00f3ximos d\u00edas, pues ya se atraves\u00f3 por la etapa m\u00e1s cr\u00edtica\u201d, explic\u00f3.<\/p>\n<p>Paredes Aguilar pidi\u00f3 a los ciudadanos evitar el contacto de personas con varicela para no contagiarse, espec\u00edficamente con ni\u00f1os, mujeres embarazadas y personas con enfermedades cr\u00f3nicas.<\/p>\n<p>&nbsp;<\/p>\n<div class='share-to-whatsapp-wrapper'><div class='share-on-whsp'>Share on: <\/div><a data-text='Zona de alarma  por brote de varicela en Yucat\u00e1n' data-link='https:\/\/visionpeninsular.com\/mid\/zona-alarma-brote-varicela-en-yucatan\/' class='whatsapp-button whatsapp-share'>WhatsApp<\/a><div class='clear '><\/div><\/div>","protected":false},"excerpt":{"rendered":"<p>El Director de Prevenci\u00f3n y Atenci\u00f3n a la Salud de la Secretar\u00eda de Salud de Yucat\u00e1n (SSY), Manuel Paredes Aguilar, advirti\u00f3 acerca del brote de varicela \u00a0se encuentra en zona de alarma, aunque \u00e9sta podr\u00eda disminuir durante los pr\u00f3ximos d\u00edas y mencion\u00f3 que hasta el 17 d febrero, se confirmaron 729 casos de la enfermedad, &hellip;<\/p>\n","protected":false},"author":5,"featured_media":37158,"comment_status":"open","ping_status":"open","sticky":false,"template":"","format":"standard","meta":{"_mi_skip_tracking":false},"categories":[50,37],"tags":[4420,1950,5655,10218],"_links":{"self":[{"href":"https:\/\/visionpeninsular.com\/mid\/wp-json\/wp\/v2\/posts\/37157"}],"collection":[{"href":"https:\/\/visionpeninsular.com\/mid\/wp-json\/wp\/v2\/posts"}],"about":[{"href":"https:\/\/visionpeninsular.com\/mid\/wp-json\/wp\/v2\/types\/post"}],"author":[{"embeddable":true,"href":"https:\/\/visionpeninsular.com\/mid\/wp-json\/wp\/v2\/users\/5"}],"replies":[{"embeddable":true,"href":"https:\/\/visionpeninsular.com\/mid\/wp-json\/wp\/v2\/comments?post=37157"}],"version-history":[{"count":1,"href":"https:\/\/visionpeninsular.com\/mid\/wp-json\/wp\/v2\/posts\/37157\/revisions"}],"predecessor-version":[{"id":37159,"href":"https:\/\/visionpeninsular.com\/mid\/wp-json\/wp\/v2\/posts\/37157\/revisions\/37159"}],"wp:featuredmedia":[{"embeddable":true,"href":"https:\/\/visionpeninsular.com\/mid\/wp-json\/wp\/v2\/media\/37158"}],"wp:attachment":[{"href":"https:\/\/visionpeninsular.com\/mid\/wp-json\/wp\/v2\/media?parent=37157"}],"wp:term":[{"taxonomy":"category","embeddable":true,"href":"https:\/\/visionpeninsular.com\/mid\/wp-json\/wp\/v2\/categories?post=37157"},{"taxonomy":"post_tag","embeddable":true,"href":"https:\/\/visionpeninsular.com\/mid\/wp-json\/wp\/v2\/tags?post=37157"}],"curies":[{"name":"wp","href":"https:\/\/api.w.org\/{rel}","templated":true}]}}