{"id":3705,"date":"2016-05-16T18:17:46","date_gmt":"2016-05-16T23:17:46","guid":{"rendered":"http:\/\/visionpeninsular.com\/mid\/?p=3705"},"modified":"2016-05-16T18:26:02","modified_gmt":"2016-05-16T23:26:02","slug":"ayuntamiento-trabaja-en-mas-servicios-y-oportunidades-para-la-mujer-yucateca-dice-alcalde-mauricio-vila","status":"publish","type":"post","link":"https:\/\/visionpeninsular.com\/mid\/ayuntamiento-trabaja-en-mas-servicios-y-oportunidades-para-la-mujer-yucateca-dice-alcalde-mauricio-vila\/","title":{"rendered":"Ayuntamiento trabaja en m\u00e1s servicios y oportunidades para la mujer yucateca, dice alcalde Mauricio Vila"},"content":{"rendered":"<p style=\"line-height: 18.0pt;background: white;vertical-align: baseline;margin: 0cm 0cm 9.75pt 0cm\"><span style=\"font-size: 10.5pt;font-family: 'Arial','sans-serif';color: #555555\">El Ayuntamiento de M\u00e9rida trabaja para que ninguna mujer del municipio quede al margen de los servicios y oportunidades para vivir con dignidad y sin discriminaci\u00f3n, asever\u00f3 el alcalde, Mauricio Vila Dosal, durante la inauguraci\u00f3n del foro \u201cMujeres Mayas y sus derechos humanos\u201d, que se llev\u00f3 al cabo en la hacienda Petcanch\u00e9.<\/span><\/p>\n<p style=\"line-height: 18.0pt;background: white;vertical-align: baseline;text-align: start;margin: 0cm 0cm 9.75pt 0cm\"><span style=\"font-size: 10.5pt;font-family: 'Arial','sans-serif';color: #555555\">Agreg\u00f3 que la promoci\u00f3n de los derechos humanos adquiere sentido cuando existen pol\u00edticas p\u00fablicas, basadas en la accesibilidad universal, que garantizan a las mujeres la disposici\u00f3n de herramientas jur\u00eddicas y de las instituciones para el pleno respeto de los mismos.<\/span><\/p>\n<p style=\"line-height: 18.0pt;background: white;vertical-align: baseline;text-align: start;margin: 0cm 0cm 9.75pt 0cm\"><span style=\"font-size: 10.5pt;font-family: 'Arial','sans-serif';color: #555555\">Las pol\u00edticas municipales, a\u00f1adi\u00f3, integran un amplio sistema de apoyo por medio del Instituto Municipal de la Mujer, que se complementan con una unidad de polic\u00eda especializada en atender casos de violencia familiar, un refugio para mujeres en situaci\u00f3n de violencia extrema, un mast\u00f3grafo m\u00f3vil, una unidad de salud especializada para mujeres, apoyos de vivienda, asesor\u00eda jur\u00eddica, fomento de proyectos productivos y cr\u00e9ditos para iniciar o impulsar empresas de mujeres.<\/span><\/p>\n<p style=\"line-height: 18.0pt;background: white;vertical-align: baseline;text-align: start;margin: 0cm 0cm 9.75pt 0cm\"><span style=\"font-size: 10.5pt;font-family: 'Arial','sans-serif';color: #555555\">\u2014En M\u00e9rida las mujeres tienen al alcance todo su sistema de pol\u00edticas p\u00fablicas con enfoque de g\u00e9nero que permiten empoderarlas y hacer valer sus derechos \u2014expres\u00f3.<\/span><\/p>\n<p style=\"line-height: 18.0pt;background: white;vertical-align: baseline;text-align: start;margin: 0cm 0cm 9.75pt 0cm\"><span style=\"font-size: 10.5pt;font-family: 'Arial','sans-serif';color: #555555\">Agreg\u00f3 que las pol\u00edticas municipales con enfoque de g\u00e9nero est\u00e1n inspiradas en las convenciones internacionales para erradicar, sancionar y prevenir todo tipo de violencia y discriminaci\u00f3n contra la mujer, a cuya adhesi\u00f3n del Estado Mexicano conmemoramos.<\/span><\/p>\n<p style=\"line-height: 18.0pt;background: white;vertical-align: baseline;text-align: start;margin: 0cm 0cm 9.75pt 0cm\"><span style=\"font-size: 10.5pt;font-family: 'Arial','sans-serif';color: #555555\">Mauricio Vila asever\u00f3 que se ha avanzado mucho en la materia, pero advirti\u00f3 que a\u00fan persisten inercias que es necesario romper.<\/span><\/p>\n<p style=\"line-height: 18.0pt;background: white;vertical-align: baseline;text-align: start;margin: 0cm 0cm 9.75pt 0cm\"><span style=\"font-size: 10.5pt;font-family: 'Arial','sans-serif';color: #555555\">-Foros como \u00e9ste, convocado por el Indemaya, son positivos ya que sirven para impulsar los derechos de las mujeres mayas y permiten conocer de viva voz sus necesidades -recalc\u00f3.<\/span><\/p>\n<p style=\"line-height: 18.0pt;background: white;vertical-align: baseline;text-align: start;margin: 0cm 0cm 9.75pt 0cm\"><span style=\"font-size: 10.5pt;font-family: 'Arial','sans-serif';color: #555555\">El alcalde , tras hacer un reconocimiento al trabajo de la Comisi\u00f3n de Derechos Humanos, al Indemaya y el Instituto para la Igualdad entre Hombres y Mujeres a favor del respeto, la igualdad y la no discriminaci\u00f3n, exhort\u00f3 a seguir trabajando de manera conjunta autoridades estatales, federales y municipales con organismos como la CNDH porque entre todos se podr\u00e1 seguir avanzando en este tema.<\/span><\/p>\n<p style=\"line-height: 18.0pt;background: white;vertical-align: baseline;text-align: start;margin: 0cm 0cm 9.75pt 0cm\"><span style=\"font-size: 10.5pt;font-family: 'Arial','sans-serif';color: #555555\">Ofreci\u00f3 todo el respaldo del Ayuntamiento para el trabajo coordinado contra la violencia y la discriminaci\u00f3n.<\/span><\/p>\n<p style=\"line-height: 18.0pt;background: white;vertical-align: baseline;text-align: start;margin: 0cm 0cm 9.75pt 0cm\"><span style=\"font-size: 10.5pt;font-family: 'Arial','sans-serif';color: #555555\">La bienvenida del evento estuvo a cargo de Jos\u00e9 Enrique Goff Ailloud, presidente de la CODHEY, quien hizo un reconocimiento a la voluntad del Ayuntamiento para sumarse a los esfuerzos para la defensa de los derechos humanos.<\/span><\/p>\n<p style=\"line-height: 18.0pt;background: white;vertical-align: baseline;text-align: start;margin: 0cm 0cm 9.75pt 0cm\"><span style=\"font-size: 10.5pt;font-family: 'Arial','sans-serif';color: #555555\">Consider\u00f3 que el foro es una oportunidad valiosa para reflexionar en torno a la eficacia del respeto de los derechos humanos, especialmente de las mujeres.<\/span><\/p>\n<p style=\"line-height: 18.0pt;background: white;vertical-align: baseline;text-align: start;margin: 0cm 0cm 9.75pt 0cm\"><span style=\"font-size: 10.5pt;font-family: 'Arial','sans-serif';color: #555555\">La cuarta visitadora general de la Comisi\u00f3n Nacional de los Derechos Humanos, Norma In\u00e9s Aguilar Le\u00f3n, record\u00f3 que este evento conmemora de manera simb\u00f3lica con las mujeres ind\u00edgenas mayas de Yucat\u00e1n la firma del Estado Mexicano de las Convenciones sobre la Eliminaci\u00f3n de Todas las Formas de Discriminaci\u00f3n contra la Mujer (CEDAW) y la Convenci\u00f3n Interamericana para Prevenir, Sancionar y Erradicar la Violencia.<\/span><\/p>\n<p style=\"line-height: 18.0pt;background: white;vertical-align: baseline;text-align: start;margin: 0cm 0cm 9.75pt 0cm\"><span style=\"font-size: 10.5pt;font-family: 'Arial','sans-serif';color: #555555\">Al evento asistieron m\u00e1s de 100 mujeres de comisar\u00edas meridanas, convocadas por el Ayuntamiento por medio de Desarrollo Social.<\/span><\/p>\n<p style=\"line-height: 18.0pt;background: white;vertical-align: baseline;text-align: start;margin: 0cm 0cm 9.75pt 0cm\"><span style=\"font-size: 10.5pt;font-family: 'Arial','sans-serif';color: #555555\">Estuvieron tambi\u00e9n en la mesa directiva Rosario Cetina Amaya, directora general del Indemaya; Alaine L\u00f3pez Brice\u00f1o, directora del Instituto para la Igualdad entre Mujeres y Hombres de Yucat\u00e1n, y Mar\u00eda Herrera P\u00e1ramo, directora del Instituto Municipal de la Mujer.<\/span><\/p>\n<div class='share-to-whatsapp-wrapper'><div class='share-on-whsp'>Share on: <\/div><a data-text='Ayuntamiento trabaja en m\u00e1s servicios y oportunidades para la mujer yucateca, dice alcalde Mauricio Vila' data-link='https:\/\/visionpeninsular.com\/mid\/ayuntamiento-trabaja-en-mas-servicios-y-oportunidades-para-la-mujer-yucateca-dice-alcalde-mauricio-vila\/' class='whatsapp-button whatsapp-share'>WhatsApp<\/a><div class='clear '><\/div><\/div>","protected":false},"excerpt":{"rendered":"<p>El Ayuntamiento de M\u00e9rida trabaja para que ninguna mujer del municipio quede al margen de los servicios y oportunidades para vivir con dignidad y sin discriminaci\u00f3n, asever\u00f3 el alcalde, Mauricio Vila Dosal, durante la inauguraci\u00f3n del foro \u201cMujeres Mayas y sus derechos humanos\u201d, que se llev\u00f3 al cabo en la hacienda Petcanch\u00e9. Agreg\u00f3 que la &hellip;<\/p>\n","protected":false},"author":3,"featured_media":3706,"comment_status":"open","ping_status":"open","sticky":false,"template":"","format":"standard","meta":{"_mi_skip_tracking":false},"categories":[50,1,37],"tags":[543,40,803],"_links":{"self":[{"href":"https:\/\/visionpeninsular.com\/mid\/wp-json\/wp\/v2\/posts\/3705"}],"collection":[{"href":"https:\/\/visionpeninsular.com\/mid\/wp-json\/wp\/v2\/posts"}],"about":[{"href":"https:\/\/visionpeninsular.com\/mid\/wp-json\/wp\/v2\/types\/post"}],"author":[{"embeddable":true,"href":"https:\/\/visionpeninsular.com\/mid\/wp-json\/wp\/v2\/users\/3"}],"replies":[{"embeddable":true,"href":"https:\/\/visionpeninsular.com\/mid\/wp-json\/wp\/v2\/comments?post=3705"}],"version-history":[{"count":1,"href":"https:\/\/visionpeninsular.com\/mid\/wp-json\/wp\/v2\/posts\/3705\/revisions"}],"predecessor-version":[{"id":3707,"href":"https:\/\/visionpeninsular.com\/mid\/wp-json\/wp\/v2\/posts\/3705\/revisions\/3707"}],"wp:featuredmedia":[{"embeddable":true,"href":"https:\/\/visionpeninsular.com\/mid\/wp-json\/wp\/v2\/media\/3706"}],"wp:attachment":[{"href":"https:\/\/visionpeninsular.com\/mid\/wp-json\/wp\/v2\/media?parent=3705"}],"wp:term":[{"taxonomy":"category","embeddable":true,"href":"https:\/\/visionpeninsular.com\/mid\/wp-json\/wp\/v2\/categories?post=3705"},{"taxonomy":"post_tag","embeddable":true,"href":"https:\/\/visionpeninsular.com\/mid\/wp-json\/wp\/v2\/tags?post=3705"}],"curies":[{"name":"wp","href":"https:\/\/api.w.org\/{rel}","templated":true}]}}