{"id":3684,"date":"2016-05-16T13:33:42","date_gmt":"2016-05-16T18:33:42","guid":{"rendered":"http:\/\/visionpeninsular.com\/mid\/?p=3684"},"modified":"2016-05-16T13:33:42","modified_gmt":"2016-05-16T18:33:42","slug":"conductores-molestos-por-transito-vehicular-debido-al-carril-restringido-de-la-avenida-colon","status":"publish","type":"post","link":"https:\/\/visionpeninsular.com\/mid\/conductores-molestos-por-transito-vehicular-debido-al-carril-restringido-de-la-avenida-colon\/","title":{"rendered":"Conductores molestos por tr\u00e1nsito vehicular debido al carril restringido de la avenida Col\u00f3n"},"content":{"rendered":"<p>Varios conductores que circulan en la avenida Col\u00f3n comentaron sus molestias debido a que un carril de la avenida fue cerrada a la circulaci\u00f3n, sin embargo ellos mencionan que desconocen a que se debe la acci\u00f3n ya que esa zona se convirti\u00f3 en un embotellamiento.<\/p>\n<p>La Secretaria de Seguridad P\u00fablica restringe un carril de la avenida Col\u00f3n y Cupules para analizar el comportamiento del tr\u00e1nsito vehicular.<\/p>\n<p>Una vecina de la colonia Pensiones dijo que no entiendo por qu\u00e9 la calles est\u00e1 cerrada sin embargo espera a que la situaci\u00f3n no sea permanente ya que todos los d\u00edas pasa por ah\u00ed.<\/p>\n<p>Aunque algunos muestran su inconformidad tambi\u00e9n est\u00e1n de acuerdo en que la avenida Col\u00f3n se embellezca porque opinan que est\u00e1 muy descuidada. Otros tambi\u00e9n pidieron que haya mayor control policiaco de la vialidad.<\/p>\n<p>El cierre de la avenida Col\u00f3n genera un constante caos vial, sin embargo este experimento es parte de los estudios para el cambio urbano dr\u00e1stico que realizar\u00eda el gobierno por el funcionamiento del nuevo Centro Internacional de Congresos de M\u00e9rida, para transformarla en una arteria m\u00e1s amigable para los peatones y los ciclistas, de acuerdo con el diputado federal Jorge Carlos Ram\u00edrez Mar\u00edn.<\/p>\n<p>El legislador informo que el rescate de la avenida Col\u00f3n ten\u00eda gastos aproximados de $100 millones. El proyecto tiene como objetivo hacer cambios para reducir la intensidad del tr\u00e1nsito vehicular.<\/p>\n<div class='share-to-whatsapp-wrapper'><div class='share-on-whsp'>Share on: <\/div><a data-text='Conductores molestos por tr\u00e1nsito vehicular debido al carril restringido de la avenida Col\u00f3n' data-link='https:\/\/visionpeninsular.com\/mid\/conductores-molestos-por-transito-vehicular-debido-al-carril-restringido-de-la-avenida-colon\/' class='whatsapp-button whatsapp-share'>WhatsApp<\/a><div class='clear '><\/div><\/div>","protected":false},"excerpt":{"rendered":"<p>Varios conductores que circulan en la avenida Col\u00f3n comentaron sus molestias debido a que un carril de la avenida fue cerrada a la circulaci\u00f3n, sin embargo ellos mencionan que desconocen a que se debe la acci\u00f3n ya que esa zona se convirti\u00f3 en un embotellamiento. La Secretaria de Seguridad P\u00fablica restringe un carril de la &hellip;<\/p>\n","protected":false},"author":3,"featured_media":3685,"comment_status":"open","ping_status":"open","sticky":false,"template":"","format":"standard","meta":{"_mi_skip_tracking":false},"categories":[50,37],"tags":[796,795],"_links":{"self":[{"href":"https:\/\/visionpeninsular.com\/mid\/wp-json\/wp\/v2\/posts\/3684"}],"collection":[{"href":"https:\/\/visionpeninsular.com\/mid\/wp-json\/wp\/v2\/posts"}],"about":[{"href":"https:\/\/visionpeninsular.com\/mid\/wp-json\/wp\/v2\/types\/post"}],"author":[{"embeddable":true,"href":"https:\/\/visionpeninsular.com\/mid\/wp-json\/wp\/v2\/users\/3"}],"replies":[{"embeddable":true,"href":"https:\/\/visionpeninsular.com\/mid\/wp-json\/wp\/v2\/comments?post=3684"}],"version-history":[{"count":1,"href":"https:\/\/visionpeninsular.com\/mid\/wp-json\/wp\/v2\/posts\/3684\/revisions"}],"predecessor-version":[{"id":3686,"href":"https:\/\/visionpeninsular.com\/mid\/wp-json\/wp\/v2\/posts\/3684\/revisions\/3686"}],"wp:featuredmedia":[{"embeddable":true,"href":"https:\/\/visionpeninsular.com\/mid\/wp-json\/wp\/v2\/media\/3685"}],"wp:attachment":[{"href":"https:\/\/visionpeninsular.com\/mid\/wp-json\/wp\/v2\/media?parent=3684"}],"wp:term":[{"taxonomy":"category","embeddable":true,"href":"https:\/\/visionpeninsular.com\/mid\/wp-json\/wp\/v2\/categories?post=3684"},{"taxonomy":"post_tag","embeddable":true,"href":"https:\/\/visionpeninsular.com\/mid\/wp-json\/wp\/v2\/tags?post=3684"}],"curies":[{"name":"wp","href":"https:\/\/api.w.org\/{rel}","templated":true}]}}