{"id":36772,"date":"2018-02-22T10:43:15","date_gmt":"2018-02-22T16:43:15","guid":{"rendered":"http:\/\/visionpeninsular.com\/mid\/?p=36772"},"modified":"2018-02-22T10:43:15","modified_gmt":"2018-02-22T16:43:15","slug":"mauricio-vila-impulsa-emprendimiento","status":"publish","type":"post","link":"https:\/\/visionpeninsular.com\/mid\/mauricio-vila-impulsa-emprendimiento\/","title":{"rendered":"\u201cMauricio Vila impulsa el emprendimiento\u201d"},"content":{"rendered":"<p><em>Reconocen como acierto de su gobierno\u00a0 la creaci\u00f3n del Centro Municipal de Emprendedores<\/em><\/p>\n<p>\u201cLos yucatecos merecen m\u00e1s oportunidades para consolidar sus propios negocios y generar mejores empleos en sus municipios. As\u00ed menos personas se separar\u00e1n de sus familias en b\u00fasqueda de las oportunidades que ahora no tienen\u201d, asegur\u00f3 el candidato a la gubernatura de Yucat\u00e1n, Mauricio Vila Dosal.<\/p>\n<p>\u201cEs necesario replicar y ampliar la red de centros de emprendedores en el Estado, donde las personas tengan acceso a capacitaci\u00f3n, instalaciones de calidad, internet, cr\u00e9ditos, vinculaci\u00f3n con c\u00e1maras para poder ofertar sus productos y con profesionistas que les puedan apoyar en temas de administraci\u00f3n, mercadotecnia y asesor\u00eda legal\u201d, asegur\u00f3 Vila Dosal.<\/p>\n<p>Ana Luisa Balam, de Abal\u00e1, es una de las tantas mujeres que le expres\u00f3 a Vila Dosal su preocupaci\u00f3n por la falta de oportunidades. \u201cEn verdad que ac\u00e1 no hay trabajo, toda la gente se va M\u00e9rida donde s\u00ed hay empleo y la mayor\u00eda tiene que dejar a sus familias, de hecho las amas de casa tienen que dejar sus hijos para irse all\u00e1 y tener una mejor forma de alimentarlos. Necesitamos que como dijo Vila, se creen oportunidades de trabajo en los municipios\u201d, asegur\u00f3.<\/p>\n<p>En el marco del primer aniversario del Centro Municipal de Emprendedores (CME) de M\u00e9rida, \u00fanico en su tipo por ser el primero que fue creado por un gobierno municipal, Gabriela Guill\u00e9n, propietaria de \u201cAbuelo Guill\u00e9n, avena con cacao premium\u201d, asegur\u00f3 que el CME es un gran acierto de Vila Dosal.<\/p>\n<p>\u201cEstoy muy agradecida por este proyecto y con Mauricio Vila, este es un Centro que califico con un 100% y as\u00ed lo he comentado con mis compa\u00f1eros, porque est\u00e1 bien hecho y a un a\u00f1o de su apertura, sigue dando frutos\u201d, asegur\u00f3.<\/p>\n<p>\u201cLa diferencia que marca este Centro con todos los dem\u00e1s, es que t\u00fa llegas a \u00e9l y siempre hay una persona cerca de ti para asesorarte, hay un apoyo real para hacer crecer nuestros proyectos y eso va m\u00e1s all\u00e1 de un apoyo monetario\u201d, asegur\u00f3.<\/p>\n<p>Por su parte, Gabriel del R\u00edo y su socio Joel Chuc, han visto como su proyecto de softwares para pymes \u201cBitengine\u201d, se consolid\u00f3 en menos de un a\u00f1o gracias al respaldo del Centro de Emprendedores. \u201cHace un a\u00f1o Bitengine era apenas una idea y hoy ya contamos con una plantilla de 12 personas, eso adem\u00e1s es una gran responsabilidad, motivaci\u00f3n y compromiso porque son personas adem\u00e1s talentosas, que ya no puedes dejar al aire y sin empleo\u201d, asegur\u00f3 Gabriel del R\u00edo.<\/p>\n<p>\u201cComparo este Centro con otros y hay una verdadera diferencia, aqu\u00ed sientes un ambiente c\u00e1lido, como en casa. Nosotros hace tres a\u00f1os dejamos nuestros empleos para emprender este proyecto pero no encontramos el apoyo que necesit\u00e1bamos, entonces fracas\u00f3 y regresamos a la plantilla laboral. Pero aqu\u00ed hemos visto que en menos de un a\u00f1o nuestro proyecto se consolid\u00f3 gracias al apoyo de las mentor\u00edas, las instalaciones y capacitaciones que nos han dado una nueva visi\u00f3n\u201d, asegur\u00f3 Gabriel del R\u00edo.<\/p>\n<div class='share-to-whatsapp-wrapper'><div class='share-on-whsp'>Share on: <\/div><a data-text='\u201cMauricio Vila impulsa el emprendimiento\u201d' data-link='https:\/\/visionpeninsular.com\/mid\/mauricio-vila-impulsa-emprendimiento\/' class='whatsapp-button whatsapp-share'>WhatsApp<\/a><div class='clear '><\/div><\/div>","protected":false},"excerpt":{"rendered":"<p>Reconocen como acierto de su gobierno\u00a0 la creaci\u00f3n del Centro Municipal de Emprendedores \u201cLos yucatecos merecen m\u00e1s oportunidades para consolidar sus propios negocios y generar mejores empleos en sus municipios. As\u00ed menos personas se separar\u00e1n de sus familias en b\u00fasqueda de las oportunidades que ahora no tienen\u201d, asegur\u00f3 el candidato a la gubernatura de Yucat\u00e1n, &hellip;<\/p>\n","protected":false},"author":5,"featured_media":36773,"comment_status":"open","ping_status":"open","sticky":false,"template":"","format":"standard","meta":{"_mi_skip_tracking":false},"categories":[50,37],"tags":[913,41,10091,40],"_links":{"self":[{"href":"https:\/\/visionpeninsular.com\/mid\/wp-json\/wp\/v2\/posts\/36772"}],"collection":[{"href":"https:\/\/visionpeninsular.com\/mid\/wp-json\/wp\/v2\/posts"}],"about":[{"href":"https:\/\/visionpeninsular.com\/mid\/wp-json\/wp\/v2\/types\/post"}],"author":[{"embeddable":true,"href":"https:\/\/visionpeninsular.com\/mid\/wp-json\/wp\/v2\/users\/5"}],"replies":[{"embeddable":true,"href":"https:\/\/visionpeninsular.com\/mid\/wp-json\/wp\/v2\/comments?post=36772"}],"version-history":[{"count":1,"href":"https:\/\/visionpeninsular.com\/mid\/wp-json\/wp\/v2\/posts\/36772\/revisions"}],"predecessor-version":[{"id":36774,"href":"https:\/\/visionpeninsular.com\/mid\/wp-json\/wp\/v2\/posts\/36772\/revisions\/36774"}],"wp:featuredmedia":[{"embeddable":true,"href":"https:\/\/visionpeninsular.com\/mid\/wp-json\/wp\/v2\/media\/36773"}],"wp:attachment":[{"href":"https:\/\/visionpeninsular.com\/mid\/wp-json\/wp\/v2\/media?parent=36772"}],"wp:term":[{"taxonomy":"category","embeddable":true,"href":"https:\/\/visionpeninsular.com\/mid\/wp-json\/wp\/v2\/categories?post=36772"},{"taxonomy":"post_tag","embeddable":true,"href":"https:\/\/visionpeninsular.com\/mid\/wp-json\/wp\/v2\/tags?post=36772"}],"curies":[{"name":"wp","href":"https:\/\/api.w.org\/{rel}","templated":true}]}}