{"id":36556,"date":"2018-02-16T13:38:57","date_gmt":"2018-02-16T19:38:57","guid":{"rendered":"http:\/\/visionpeninsular.com\/mid\/?p=36556"},"modified":"2018-02-16T13:38:57","modified_gmt":"2018-02-16T19:38:57","slug":"yucatan-tendra-una-nueva-clinica-cancer-mama","status":"publish","type":"post","link":"https:\/\/visionpeninsular.com\/mid\/yucatan-tendra-una-nueva-clinica-cancer-mama\/","title":{"rendered":"Yucat\u00e1n tendr\u00e1 una nueva cl\u00ednica de c\u00e1ncer de mama"},"content":{"rendered":"<p>Juan Carlos Velasco P\u00e9rez, secretario general del Honorable Consejo T\u00e9cnico del IMSS, acompa\u00f1ado de los\u00a0 representantes del Sector Obrero y Patronal anunciaron que Yucat\u00e1n ser\u00e1 sede de una cl\u00ednica nueva de detecci\u00f3n y estudios del c\u00e1ncer de mama.<\/p>\n<p>De visita en el estado, en se\u00f1al del inter\u00e9s que las autoridades normativas tienen en\u00a0 el trabajo que lleva a cabo la Instituci\u00f3n en beneficio de su derechohabiencia, por lo que se reunieron con Jorge M\u00e9ndez Vales, titular de la Delegaci\u00f3n y Luis Fernando Aguilar Castillejos, director de la Unidad M\u00e9dica de Alta Especialidad (UMAE), acompa\u00f1ados de sus respectivos equipos de trabajo.<\/p>\n<p>El Honorable Consejo T\u00e9cnico del IMSS, conformado por representantes del Gobierno, Patrones y Trabajadores, es el centro de mando responsable de administrar al Instituto y fungir como representante legal del mismo. Desde este \u00f3rgano de gobierno se revisan las pol\u00edticas que rigen los servicios m\u00e9dicos, prestaciones econ\u00f3micas y sociales, afiliaci\u00f3n y cobranza, administraci\u00f3n, presupuesto e inversiones.<\/p>\n<p>El secretario general del H. Consejo T\u00e9cnico, se\u00f1al\u00f3 que la delegaci\u00f3n Yucat\u00e1n es de gran importancia para la Consejer\u00eda, ya que ha demostrado importantes avances, \u201cnuestro acercamiento viene a fortalecer los lazos de trabajo y resultados delegacionales, ya que gracias a las inversiones y tecnolog\u00eda que ha llegado al IMSS estatal, se ofrece una atenci\u00f3n de mejor calidad, en menos tiempos de espera\u201d.<\/p>\n<p>Posteriormente se dirigieron al Parque Cient\u00edfico Tecnol\u00f3gico de Yucat\u00e1n, en donde fueron recibidos por el secretario de Investigaci\u00f3n, Innovaci\u00f3n y Educaci\u00f3n Superior de Yucat\u00e1n, Dr. Ra\u00fal Godoy Monta\u00f1ez, qui\u00e9n les dio a conocer el tipo de investigaciones cient\u00edficas que se llevan a cabo en este importante Centro, ya que forma parte del desarrollo de la regi\u00f3n.<\/p>\n<p>Godoy Monta\u00f1ez se\u00f1al\u00f3, que el Parque Cient\u00edfico Tecnol\u00f3gico de Yucat\u00e1n ser\u00e1 un actor determinante para concretar avances cient\u00edficos y tecnol\u00f3gicos hacia una sociedad del conocimiento; en el que se encuentra ubicado el Centro de Investigaci\u00f3n en Salud \u201cDr. Jes\u00fas Kumate Rodr\u00edguez\u201d de la UMAE del IMSS en Yucat\u00e1n, que realiza estudios qu\u00edmicos y biol\u00f3gicos con flora y productos marinos de la pen\u00ednsula, para el desarrollo de nuevos f\u00e1rmacos de tipo anticancer\u00edgeno, hepatoprotectores y antiparasitarios espec\u00edficos.<\/p>\n<p>Durante la visita, el director de Prestaciones M\u00e9dicas del IMSS, Jos\u00e9 de Jes\u00fas Arriaga D\u00e1vila, destac\u00f3 que en este espacio de investigaci\u00f3n se suman las capacidades y talentos de los profesionales del Instituto, adem\u00e1s de facilitarles el acceso a herramientas tecnol\u00f3gicas y c\u00e1lculos matem\u00e1ticos que ayudan a una mejor identificaci\u00f3n de la poblaci\u00f3n en riesgo. Adem\u00e1s de focalizar acciones espec\u00edficas de atenci\u00f3n a enfermedades como diabetes, c\u00e1ncer e hipertensi\u00f3n, entre otras.<\/p>\n<p>De igual forma, dio a conocer que comenzar\u00e1 la construcci\u00f3n de la Cl\u00ednica de C\u00e1ncer de\u00a0 Mama, donde se realizar\u00e1 la\u00a0 detecci\u00f3n y diagn\u00f3stico de este padecimiento de forma oportuna y contar\u00e1 con tecnolog\u00eda de punta.<\/p>\n<p>Por su parte, Jos\u00e9 Luis Carazo Preciado, representante del Sector Obrero, remarc\u00f3 los avances y crecimiento que ha tenido el IMSS en beneficio de los derechohabientes, agradeci\u00f3 a las y los trabajadores su compromiso, ya que son la estructura s\u00f3lida que le da vigencia y blindaje a la instituci\u00f3n.<\/p>\n<p>As\u00ed mismo,\u00a0 Ra\u00fal Rodr\u00edguez M\u00e1rquez, representante del Sector Patronal, hizo referencia a fortalecer las acciones para continuar con el servicio\u00a0 de\u00a0 calidad para el usuario y conservar\u00a0 la estabilidad financiera que ha logrado la instituci\u00f3n<\/p>\n<p>En su turno, el titular de la delegaci\u00f3n estatal del IMSS, Jorge M\u00e9ndez Vales, habl\u00f3 de los logros del \u201cDec\u00e1logo de Acciones\u201d los cuales se han visto reflejados en la atenci\u00f3n a las y los derechohabientes del estado, actualmente Unifila, Triage, Referencia de citas a segundo nivel, Gesti\u00f3n de camas, C\u00f3digo Infarto,\u00a0 IMSS Digital, Cirug\u00edas de Fin en\u00a0 Semana,\u00a0 entre otros, los cuales han\u00a0 impactado de manera muy positiva en nuestros usuarios.<\/p>\n<p>Como parte de sus actividades, se reunieron con autoridades del Sindicato Nacional de Trabajadores del Seguro Social (SNTSS) Secci\u00f3n VI, presidido por el secretario general, Pedro Pech Maga\u00f1a.<\/p>\n<p>Finalmente, acudieron al Hospital General Regional No. 1 \u201cIgnacio Garc\u00eda T\u00e9llez\u201d y a la Unidad M\u00e9dica de Alta Especialidad (UMAE), en donde realizaron un recorrido por\u00a0\u00a0 instalaciones de ambos hospitales, en este \u00faltimo, Juan Carlos Velasco y Jos\u00e9 Luis de Jes\u00fas Arriaga, inauguraron oficialmente el equipo de resonancia magn\u00e9tica de alta resoluci\u00f3n, que comenz\u00f3 a operar desde diciembre de 2017 y permite realizar 800 estudios por mes.<\/p>\n<p>Bolet\u00edn de prensa<\/p>\n<div class='share-to-whatsapp-wrapper'><div class='share-on-whsp'>Share on: <\/div><a data-text='Yucat\u00e1n tendr\u00e1 una nueva cl\u00ednica de c\u00e1ncer de mama' data-link='https:\/\/visionpeninsular.com\/mid\/yucatan-tendra-una-nueva-clinica-cancer-mama\/' class='whatsapp-button whatsapp-share'>WhatsApp<\/a><div class='clear '><\/div><\/div>","protected":false},"excerpt":{"rendered":"<p>Juan Carlos Velasco P\u00e9rez, secretario general del Honorable Consejo T\u00e9cnico del IMSS, acompa\u00f1ado de los\u00a0 representantes del Sector Obrero y Patronal anunciaron que Yucat\u00e1n ser\u00e1 sede de una cl\u00ednica nueva de detecci\u00f3n y estudios del c\u00e1ncer de mama. De visita en el estado, en se\u00f1al del inter\u00e9s que las autoridades normativas tienen en\u00a0 el trabajo &hellip;<\/p>\n","protected":false},"author":5,"featured_media":36557,"comment_status":"open","ping_status":"open","sticky":false,"template":"","format":"standard","meta":{"_mi_skip_tracking":false},"categories":[49,37],"tags":[9978,176,10016,9979],"_links":{"self":[{"href":"https:\/\/visionpeninsular.com\/mid\/wp-json\/wp\/v2\/posts\/36556"}],"collection":[{"href":"https:\/\/visionpeninsular.com\/mid\/wp-json\/wp\/v2\/posts"}],"about":[{"href":"https:\/\/visionpeninsular.com\/mid\/wp-json\/wp\/v2\/types\/post"}],"author":[{"embeddable":true,"href":"https:\/\/visionpeninsular.com\/mid\/wp-json\/wp\/v2\/users\/5"}],"replies":[{"embeddable":true,"href":"https:\/\/visionpeninsular.com\/mid\/wp-json\/wp\/v2\/comments?post=36556"}],"version-history":[{"count":1,"href":"https:\/\/visionpeninsular.com\/mid\/wp-json\/wp\/v2\/posts\/36556\/revisions"}],"predecessor-version":[{"id":36558,"href":"https:\/\/visionpeninsular.com\/mid\/wp-json\/wp\/v2\/posts\/36556\/revisions\/36558"}],"wp:featuredmedia":[{"embeddable":true,"href":"https:\/\/visionpeninsular.com\/mid\/wp-json\/wp\/v2\/media\/36557"}],"wp:attachment":[{"href":"https:\/\/visionpeninsular.com\/mid\/wp-json\/wp\/v2\/media?parent=36556"}],"wp:term":[{"taxonomy":"category","embeddable":true,"href":"https:\/\/visionpeninsular.com\/mid\/wp-json\/wp\/v2\/categories?post=36556"},{"taxonomy":"post_tag","embeddable":true,"href":"https:\/\/visionpeninsular.com\/mid\/wp-json\/wp\/v2\/tags?post=36556"}],"curies":[{"name":"wp","href":"https:\/\/api.w.org\/{rel}","templated":true}]}}