{"id":36355,"date":"2018-02-12T11:11:06","date_gmt":"2018-02-12T17:11:06","guid":{"rendered":"http:\/\/visionpeninsular.com\/mid\/?p=36355"},"modified":"2018-02-12T11:11:06","modified_gmt":"2018-02-12T17:11:06","slug":"convocatoria-participar-en-certamen-regional-artes-plasticas","status":"publish","type":"post","link":"https:\/\/visionpeninsular.com\/mid\/convocatoria-participar-en-certamen-regional-artes-plasticas\/","title":{"rendered":"Convocatoria para participar en certamen regional de artes pl\u00e1sticas"},"content":{"rendered":"<p>Artistas de Campeche, Chiapas, Quintana Roo, Tabasco, Veracruz y Yucat\u00e1n podr\u00e1n participar en el certamen Zona Sur, Movimiento Pl\u00e1stico, que pretende impulsar y fortalecer el trabajo tanto de creadores j\u00f3venes como de aquellos con reconocida trayectoria.<\/p>\n<p>El concurso busca incrementar el acervo patrimonio visual de los estados, pertenecientes al Fondo Regional para la Cultura y las Artes de la Zona Sur (Forcazs), en los campos de pintura, escultura, gr\u00e1fica, dibujo, fotograf\u00eda y video-instalaci\u00f3n, mediante la entrega de seis premios de adquisici\u00f3n de 50 mil pesos.<\/p>\n<p>En el caso de nuestra entidad, la Secretar\u00eda de la Cultura y las Artes (Sedeculta) invita a yucatecos o extranjeros con m\u00e1s de cinco a\u00f1os de residencia acreditables, a participar con piezas in\u00e9ditas propias que no hayan figurado en otras muestras y cuya elaboraci\u00f3n date entre el 1 de febrero de 2017 y hasta el pr\u00f3ximo 30 de marzo de 2018, fecha en que cerrar\u00e1 la convocatoria.<\/p>\n<p>La t\u00e9cnica y tem\u00e1tica ser\u00e1n a criterio del autor, quien tambi\u00e9n deber\u00e1 comprobar que a lo largo de su carrera ha realizado al menos una exposici\u00f3n individual y tres grupales.<\/p>\n<p>Inicialmente, los interesados entregar\u00e1n en la sede de la Sedeculta, ubicada en la calle 23 n\u00famero 204 entre 23 y 25 de la colonia Garc\u00eda Giner\u00e9s, im\u00e1genes en formato impreso y digital de las obras a inscribir junto con informaci\u00f3n acerca de las mismas, as\u00ed como un curr\u00edculum vitae.<\/p>\n<p>Quienes deseen proponer cuadros, grabados, fotos o dibujos tienen que considerar que su formato no exceda los 100 cent\u00edmetros por ninguno de sus lados. Ello tambi\u00e9n aplica a d\u00edpticos, tr\u00edpticos o pol\u00edpticos.<\/p>\n<p>Las esculturas tampoco podr\u00e1n sobrepasar dicha medida en cada una de sus caras, en tanto que en la modalidad de video-instalaci\u00f3n las dimensiones de los proyectos no rebasar\u00e1n los 120 cent\u00edmetros en su base, altura o profundidad. En ambos casos, el peso tendr\u00e1 que ser menor a los 75 kilogramos.<\/p>\n<p>Posteriormente, los trabajos seleccionados por el jurado calificador deber\u00e1n presentarse en la dependencia del 16 al 20 de abril de este a\u00f1o, para conformar una exhibici\u00f3n colectiva. Finalmente, el 4 de mayo, se dar\u00e1 a conocer el fallo del \u00f3rgano colegiado y se notificar\u00e1 a los ganadores de los est\u00edmulos econ\u00f3micos.<\/p>\n<p>Para mayores informes se puede visitar la convocatoria en www.culturayucatan.com o comunicarse al departamento de Artes Visuales de la dependencia estatal al 942 38 00 extensi\u00f3n 54039, de lunes a viernes de 9:00 a 15:00 horas, o escribir al correo estela.flores@yucatan.gobmx.<\/p>\n<p>&nbsp;<\/p>\n<p>&nbsp;<\/p>\n<p>&nbsp;<\/p>\n<div class='share-to-whatsapp-wrapper'><div class='share-on-whsp'>Share on: <\/div><a data-text='Convocatoria para participar en certamen regional de artes pl\u00e1sticas' data-link='https:\/\/visionpeninsular.com\/mid\/convocatoria-participar-en-certamen-regional-artes-plasticas\/' class='whatsapp-button whatsapp-share'>WhatsApp<\/a><div class='clear '><\/div><\/div>","protected":false},"excerpt":{"rendered":"<p>Artistas de Campeche, Chiapas, Quintana Roo, Tabasco, Veracruz y Yucat\u00e1n podr\u00e1n participar en el certamen Zona Sur, Movimiento Pl\u00e1stico, que pretende impulsar y fortalecer el trabajo tanto de creadores j\u00f3venes como de aquellos con reconocida trayectoria. El concurso busca incrementar el acervo patrimonio visual de los estados, pertenecientes al Fondo Regional para la Cultura y &hellip;<\/p>\n","protected":false},"author":5,"featured_media":36356,"comment_status":"open","ping_status":"open","sticky":false,"template":"","format":"standard","meta":{"_mi_skip_tracking":false},"categories":[50,37],"tags":[9968,9967,3699,1557],"_links":{"self":[{"href":"https:\/\/visionpeninsular.com\/mid\/wp-json\/wp\/v2\/posts\/36355"}],"collection":[{"href":"https:\/\/visionpeninsular.com\/mid\/wp-json\/wp\/v2\/posts"}],"about":[{"href":"https:\/\/visionpeninsular.com\/mid\/wp-json\/wp\/v2\/types\/post"}],"author":[{"embeddable":true,"href":"https:\/\/visionpeninsular.com\/mid\/wp-json\/wp\/v2\/users\/5"}],"replies":[{"embeddable":true,"href":"https:\/\/visionpeninsular.com\/mid\/wp-json\/wp\/v2\/comments?post=36355"}],"version-history":[{"count":1,"href":"https:\/\/visionpeninsular.com\/mid\/wp-json\/wp\/v2\/posts\/36355\/revisions"}],"predecessor-version":[{"id":36357,"href":"https:\/\/visionpeninsular.com\/mid\/wp-json\/wp\/v2\/posts\/36355\/revisions\/36357"}],"wp:featuredmedia":[{"embeddable":true,"href":"https:\/\/visionpeninsular.com\/mid\/wp-json\/wp\/v2\/media\/36356"}],"wp:attachment":[{"href":"https:\/\/visionpeninsular.com\/mid\/wp-json\/wp\/v2\/media?parent=36355"}],"wp:term":[{"taxonomy":"category","embeddable":true,"href":"https:\/\/visionpeninsular.com\/mid\/wp-json\/wp\/v2\/categories?post=36355"},{"taxonomy":"post_tag","embeddable":true,"href":"https:\/\/visionpeninsular.com\/mid\/wp-json\/wp\/v2\/tags?post=36355"}],"curies":[{"name":"wp","href":"https:\/\/api.w.org\/{rel}","templated":true}]}}