{"id":36346,"date":"2018-02-12T09:24:34","date_gmt":"2018-02-12T15:24:34","guid":{"rendered":"http:\/\/visionpeninsular.com\/mid\/?p=36346"},"modified":"2018-02-12T09:24:34","modified_gmt":"2018-02-12T15:24:34","slug":"parque-la-plancha-se-convertira-en-emblema-merida","status":"publish","type":"post","link":"https:\/\/visionpeninsular.com\/mid\/parque-la-plancha-se-convertira-en-emblema-merida\/","title":{"rendered":"Parque \u201cLa Plancha\u201d se convertir\u00e1 en emblema de M\u00e9rida"},"content":{"rendered":"<p>En un hecho sin precedentes, autoridades estatales, sociedad civil y acad\u00e9micos lograron concretar un plan maestro para el rescate urbano de \u201cLa plancha\u201d, que se transformar\u00e1 en breve en un gran parque donde, adem\u00e1s de servicios ambientales, se contar\u00e1 con opciones de actividades educativas, culturales y f\u00edsicas.<\/p>\n<p>En un ejercicio de planeaci\u00f3n participativa, promovido por el Gobierno del Estado en coordinaci\u00f3n con la Universidad Nacional Aut\u00f3noma de M\u00e9xico (UNAM), vecinos, investigadores y funcionarios consensuaron sus inquietudes, necesidades y propuestas, para recuperar y revitalizar este sitio que ocup\u00f3 el ferrocarril.<\/p>\n<p>El proceso de transformaci\u00f3n comenz\u00f3 hace unos d\u00edas, luego de que el titular del Poder Ejecutivo, Rolando Zapata Bello, puso en marcha los trabajos de liberaci\u00f3n y rescate de dichos terrenos, cuya primera etapa abarcar\u00e1 10 hect\u00e1reas y una inversi\u00f3n de m\u00e1s de 130 millones de pesos, con la creaci\u00f3n de cuatro \u00e1reas para el disfrute de los habitantes de esta ciudad y de sus visitantes.<\/p>\n<p>La ubicaci\u00f3n estrat\u00e9gica de este lugar y su conversi\u00f3n en un gran parque p\u00fablico, que adem\u00e1s ser\u00e1 otro pulm\u00f3n verde para M\u00e9rida, fortalecer\u00e1 el circuito cultural de esta capital y su conexi\u00f3n con zonas como el emblem\u00e1tico Paseo de Montejo, al tiempo que marca el inicio de la modernizaci\u00f3n del Centro Hist\u00f3rico.<\/p>\n<p>El plan contempla un \u00e1rea verde con \u00e1rboles que ofrezcan sombra a los usuarios y un jard\u00edn etnobot\u00e1nico con plantas end\u00e9micas de la regi\u00f3n, el cual proporcionar\u00e1 un paisaje que retoma la selva tropical. De esta manera, se crear\u00e1 un punto de encuentro y se contribuir\u00e1 a disminuir los efectos del cambio clim\u00e1tico.<\/p>\n<p>Las dimensiones extensas de este segmento permitir\u00e1n desarrollar una gran variedad de actividades, como convivencia entre diferentes grupos; asimismo, ser\u00e1 multifuncional al dar continuidad a la estructura espacial para el peat\u00f3n y para otros medios de transporte, como la bicicleta. Al interior del corredor verde de cuatro hect\u00e1reas, se planea contar con colecciones bot\u00e1nicas y senderos que conectar\u00e1n con las otras zonas.<\/p>\n<p>Dentro de una visi\u00f3n de sustentabilidad, se considera para una etapa posterior el aprovechamiento de los recursos naturales, as\u00ed como reciclaje de residuos s\u00f3lidos y org\u00e1nicos, por lo que se eval\u00faa instalar paneles solares, un sistema de captaci\u00f3n y almacenaje de agua pluvial, y otro para separar desechos y elaborar composta comunitaria.<\/p>\n<p>El espacio siguiente ser\u00e1 de usos m\u00faltiples, de 1.8 hect\u00e1reas, donde se podr\u00e1 encontrar juegos recreativos, comercio temporal y eventos art\u00edsticos. Tambi\u00e9n, se prev\u00e9 construir plazas de acceso con mobiliario, red libre de Internet, sanitarios, m\u00f3dulos de informaci\u00f3n y bici-estacionamientos, entre otros servicios.<\/p>\n<p>Otra zona a intervenir es la de arte y cultura, con el rescate de los andenes y la antigua estaci\u00f3n de ferrocarriles en un total de 2.7 hect\u00e1reas. Actualmente, la Escuela Superior de Artes de Yucat\u00e1n (ESAY) ocupa 0.5 de estas hect\u00e1reas y, de acuerdo con lo anunciado por el mandatario en su quinto Informe de Gobierno, se transformar\u00e1 en la Universidad de las Artes de Yucat\u00e1n.<\/p>\n<p>Los espacios ser\u00e1n rescatados y modernizados para que estudiantes y ciudadan\u00eda se apropien de ellos, y los nuevos talentos creadores puedan expresarse a trav\u00e9s de diferentes manifestaciones art\u00edsticas y culturales. Adem\u00e1s, contar\u00e1 con grandes jardines exteriores y arbolado abiertos a toda la sociedad.<\/p>\n<p>Finalmente, estar\u00e1 el segmento de museos, de cerca de dos hect\u00e1reas, situado en la parte norte de los terrenos, cruzando la calle 43. Ah\u00ed, se edificar\u00e1 el de la Luz de la UNAM y se conservar\u00e1 el del Ferrocarril; para ello, fungir\u00e1 como \u00e1rea articuladora el parque Art\u00edculo 123 Constitucional, con lo que se busca sumar a este proyecto todo el contexto urbano que rodea al sitio.<\/p>\n<p>Fuente: Reporteros Hoy<\/p>\n<p>&nbsp;<\/p>\n<div class='share-to-whatsapp-wrapper'><div class='share-on-whsp'>Share on: <\/div><a data-text='Parque \u201cLa Plancha\u201d se convertir\u00e1 en emblema de M\u00e9rida' data-link='https:\/\/visionpeninsular.com\/mid\/parque-la-plancha-se-convertira-en-emblema-merida\/' class='whatsapp-button whatsapp-share'>WhatsApp<\/a><div class='clear '><\/div><\/div>","protected":false},"excerpt":{"rendered":"<p>En un hecho sin precedentes, autoridades estatales, sociedad civil y acad\u00e9micos lograron concretar un plan maestro para el rescate urbano de \u201cLa plancha\u201d, que se transformar\u00e1 en breve en un gran parque donde, adem\u00e1s de servicios ambientales, se contar\u00e1 con opciones de actividades educativas, culturales y f\u00edsicas. En un ejercicio de planeaci\u00f3n participativa, promovido por &hellip;<\/p>\n","protected":false},"author":5,"featured_media":36347,"comment_status":"open","ping_status":"open","sticky":false,"template":"","format":"standard","meta":{"_mi_skip_tracking":false},"categories":[49,37],"tags":[9960,7089,9071,2211,9961],"_links":{"self":[{"href":"https:\/\/visionpeninsular.com\/mid\/wp-json\/wp\/v2\/posts\/36346"}],"collection":[{"href":"https:\/\/visionpeninsular.com\/mid\/wp-json\/wp\/v2\/posts"}],"about":[{"href":"https:\/\/visionpeninsular.com\/mid\/wp-json\/wp\/v2\/types\/post"}],"author":[{"embeddable":true,"href":"https:\/\/visionpeninsular.com\/mid\/wp-json\/wp\/v2\/users\/5"}],"replies":[{"embeddable":true,"href":"https:\/\/visionpeninsular.com\/mid\/wp-json\/wp\/v2\/comments?post=36346"}],"version-history":[{"count":1,"href":"https:\/\/visionpeninsular.com\/mid\/wp-json\/wp\/v2\/posts\/36346\/revisions"}],"predecessor-version":[{"id":36348,"href":"https:\/\/visionpeninsular.com\/mid\/wp-json\/wp\/v2\/posts\/36346\/revisions\/36348"}],"wp:featuredmedia":[{"embeddable":true,"href":"https:\/\/visionpeninsular.com\/mid\/wp-json\/wp\/v2\/media\/36347"}],"wp:attachment":[{"href":"https:\/\/visionpeninsular.com\/mid\/wp-json\/wp\/v2\/media?parent=36346"}],"wp:term":[{"taxonomy":"category","embeddable":true,"href":"https:\/\/visionpeninsular.com\/mid\/wp-json\/wp\/v2\/categories?post=36346"},{"taxonomy":"post_tag","embeddable":true,"href":"https:\/\/visionpeninsular.com\/mid\/wp-json\/wp\/v2\/tags?post=36346"}],"curies":[{"name":"wp","href":"https:\/\/api.w.org\/{rel}","templated":true}]}}