{"id":36337,"date":"2018-02-12T09:06:39","date_gmt":"2018-02-12T15:06:39","guid":{"rendered":"http:\/\/visionpeninsular.com\/mid\/?p=36337"},"modified":"2018-02-12T09:06:39","modified_gmt":"2018-02-12T15:06:39","slug":"los-jovenes-activan-a-ramirez-marin","status":"publish","type":"post","link":"https:\/\/visionpeninsular.com\/mid\/los-jovenes-activan-a-ramirez-marin\/","title":{"rendered":"Los j\u00f3venes activan a Ram\u00edrez Mar\u00edn"},"content":{"rendered":"<p><em>Rodada de 10 kil\u00f3metros para promover la activaci\u00f3n f\u00edsica <\/em><\/p>\n<p><em>El precandidato del PRI a senador se pronuncia por una juventud m\u00e1s sana <\/em><\/p>\n<p><em>Valoremos el lugar donde vivimos, pide a los participantes<\/em><\/p>\n<p>Con c\u00e1psulas informativas como los de &#8220;\u00bfSab\u00edas que el ejercicio libera endorfinas que causan la sensaci\u00f3n de euforia y felicidad?&#8221; y &#8220;\u00bfSab\u00edas que el ejercicio cardiovascular ayuda a generar nuevas c\u00e9lulas cerebrales y mejora el rendimiento del cerebro?&#8221;, se llev\u00f3 a cabo en M\u00e9rida una rodada de 10 kil\u00f3metros para promover la activaci\u00f3n f\u00edsica entre los j\u00f3venes.<\/p>\n<p>Los participantes no solo recibieron informaci\u00f3n, sino tambi\u00e9n plasmaron sus inquietudes en un muro, en el que demandaron m\u00e1s espacios p\u00fablicos para hacer ejercicio, invitaron a otros j\u00f3venes a cuidar su salud f\u00edsica y mental y se manifestaron en contra de la discriminaci\u00f3n social en Yucat\u00e1n.<\/p>\n<p>La rodada se llev\u00f3 a cabo en el Paseo Verde, en el poniente de la ciudad, bajo el lema &#8220;\u00bfQu\u00e9 rayos con la actividad f\u00edsica?&#8221;, como parte de las actividades de precampa\u00f1a de Jorge Carlos Ram\u00edrez Mar\u00edn, aspirante del PRI al Senado de la Rep\u00fablica.<\/p>\n<p>En esta ocasi\u00f3n fue dirigida a j\u00f3venes militantes y simpatizantes. En el evento estuvo acompa\u00f1ado de su hijo Jorge Carlos Ram\u00edrez Granados.<\/p>\n<p>&#8220;Realmente estoy sorprendida por la respuesta a esta rodada, nos queda claro que este tipo de actividades son las que tenemos que hacer, m\u00e1s en esta era tecnol\u00f3gica donde todos estamos con el celular en la mano, como si fuera otro brazo&#8221;, indic\u00f3 Mar\u00eda Fernanda Vivas Sierra, l\u00edder estudiantil, quien organiz\u00f3 el evento con el apoyo de las agrupaciones Expresi\u00f3n Juvenil Revolucionaria y Se Trata de los J\u00f3venes.<\/p>\n<p>&#8220;Cosas tan sencillas como montar bicicleta pueden cambiar nuestra salud, hay que seguir haciendo este tipo de actividades y qu\u00e9 mejor con amigos como el licenciado Ram\u00edrez Mar\u00edn, quien es una persona que escucha y apoya a los j\u00f3venes&#8221;, agreg\u00f3 Mar\u00eda Fernanda, seguida de los aplausos de los participantes, quienes ya estaban bicicleta en mano y listos para iniciar.<\/p>\n<p>&#8220;Yo tambi\u00e9n estoy gratamente sorprendido por el inter\u00e9s y el entusiasmo de estos j\u00f3venes, porque nos demuestra que est\u00e1n \u00e1vidos de participar&#8221;, destac\u00f3 el precandidato.<\/p>\n<p>&#8220;Solo voy a referirme a dos cosas: una es, vean que tarde tan bella les toc\u00f3, vean el lugar donde viven, quieran mucho a este lugar y hagan todo lo posible porque nunca deje de ser as\u00ed como lo conocemos y disfrutamos; valoremos nuestra tierra&#8221;, expres\u00f3 Ram\u00edrez Mar\u00edn.<\/p>\n<p>&#8220;Aqu\u00ed me toc\u00f3 nacer y ver crecer a mis hijos, espero ver crecer tambi\u00e9n a mis nietos y tengan la seguridad de que estoy haciendo mi parte para mantener y mejorar las condiciones de vida en Yucat\u00e1n y en M\u00e9rida&#8221;, afirm\u00f3.<\/p>\n<p>&#8220;En segundo lugar, v\u00e9anse entre ustedes, ese entusiasmo y ganas de aportar es una muy buena se\u00f1al, basta ver sus mensajes en el muro para saber qu\u00e9 clase de j\u00f3venes tenemos en Yucat\u00e1n, es muy esperanzador&#8221;, subray\u00f3 el aspirante.<\/p>\n<p>&#8220;Hay cosas valios\u00edsimas en ese muro, nos dejan una lecci\u00f3n a todos, y s\u00ed, efectivamente, con m\u00e1s espacios, mayor participaci\u00f3n y m\u00e1s oportunidades para ustedes, estar\u00e1n m\u00e1s lejos de las cosas que pueden hacerles da\u00f1o; estamos trabajando en ello&#8221;, abund\u00f3.<\/p>\n<p>Luego de las intervenciones, Ram\u00edrez Mar\u00edn dio el banderazo de salida de la rodada y luego tom\u00f3 su bicicleta para sumarse al contingente, que recorri\u00f3 el circuito de 10 kil\u00f3metros.<\/p>\n<p>En otras actividades de precampa\u00f1a, el aspirante al Senado se reuni\u00f3 con militantes de las colonias del oriente y el sur de M\u00e9rida, donde refrend\u00f3 su compromiso de contribuir a generar m\u00e1s empleos e ingresos para las familias.<\/p>\n<p>Tal como lo ha hecho en anteriores reuniones, pidi\u00f3 a los delegados que voten en la convenci\u00f3n estatal del PRI, que se llevar\u00e1 a cabo la pr\u00f3xima semana, a fin de que ratifiquen su postulaci\u00f3n como candidato a senador. En respuesta, obtuvo m\u00e1s muestras de respaldo a sus aspiraciones.<\/p>\n<div class='share-to-whatsapp-wrapper'><div class='share-on-whsp'>Share on: <\/div><a data-text='Los j\u00f3venes activan a Ram\u00edrez Mar\u00edn' data-link='https:\/\/visionpeninsular.com\/mid\/los-jovenes-activan-a-ramirez-marin\/' class='whatsapp-button whatsapp-share'>WhatsApp<\/a><div class='clear '><\/div><\/div>","protected":false},"excerpt":{"rendered":"<p>Rodada de 10 kil\u00f3metros para promover la activaci\u00f3n f\u00edsica El precandidato del PRI a senador se pronuncia por una juventud m\u00e1s sana Valoremos el lugar donde vivimos, pide a los participantes Con c\u00e1psulas informativas como los de &#8220;\u00bfSab\u00edas que el ejercicio libera endorfinas que causan la sensaci\u00f3n de euforia y felicidad?&#8221; y &#8220;\u00bfSab\u00edas que el &hellip;<\/p>\n","protected":false},"author":5,"featured_media":36338,"comment_status":"open","ping_status":"open","sticky":false,"template":"","format":"standard","meta":{"_mi_skip_tracking":false},"categories":[49,37],"tags":[497,549,7948,4936,346],"_links":{"self":[{"href":"https:\/\/visionpeninsular.com\/mid\/wp-json\/wp\/v2\/posts\/36337"}],"collection":[{"href":"https:\/\/visionpeninsular.com\/mid\/wp-json\/wp\/v2\/posts"}],"about":[{"href":"https:\/\/visionpeninsular.com\/mid\/wp-json\/wp\/v2\/types\/post"}],"author":[{"embeddable":true,"href":"https:\/\/visionpeninsular.com\/mid\/wp-json\/wp\/v2\/users\/5"}],"replies":[{"embeddable":true,"href":"https:\/\/visionpeninsular.com\/mid\/wp-json\/wp\/v2\/comments?post=36337"}],"version-history":[{"count":1,"href":"https:\/\/visionpeninsular.com\/mid\/wp-json\/wp\/v2\/posts\/36337\/revisions"}],"predecessor-version":[{"id":36339,"href":"https:\/\/visionpeninsular.com\/mid\/wp-json\/wp\/v2\/posts\/36337\/revisions\/36339"}],"wp:featuredmedia":[{"embeddable":true,"href":"https:\/\/visionpeninsular.com\/mid\/wp-json\/wp\/v2\/media\/36338"}],"wp:attachment":[{"href":"https:\/\/visionpeninsular.com\/mid\/wp-json\/wp\/v2\/media?parent=36337"}],"wp:term":[{"taxonomy":"category","embeddable":true,"href":"https:\/\/visionpeninsular.com\/mid\/wp-json\/wp\/v2\/categories?post=36337"},{"taxonomy":"post_tag","embeddable":true,"href":"https:\/\/visionpeninsular.com\/mid\/wp-json\/wp\/v2\/tags?post=36337"}],"curies":[{"name":"wp","href":"https:\/\/api.w.org\/{rel}","templated":true}]}}