{"id":36328,"date":"2018-02-12T07:07:29","date_gmt":"2018-02-12T13:07:29","guid":{"rendered":"http:\/\/visionpeninsular.com\/mid\/?p=36328"},"modified":"2018-02-12T07:07:30","modified_gmt":"2018-02-12T13:07:30","slug":"primera-vez-llega-carnaval-playa-del-carmen-a-colonias-solidaridad","status":"publish","type":"post","link":"https:\/\/visionpeninsular.com\/mid\/primera-vez-llega-carnaval-playa-del-carmen-a-colonias-solidaridad\/","title":{"rendered":"Por primera vez, llega Carnaval de Playa del Carmen a Colonias de Solidaridad"},"content":{"rendered":"<p class=\"x_MsoNormal\"><span lang=\"ES-TRAD\">Miles de solidarenses y turistas disfrutaron el Primer Paseo de Carros Aleg\u00f3ricos del Carnaval, que por primera vez recorri\u00f3 las principales avenidas del municipio, con el objetivo de acercar a la ciudadan\u00eda las fiestas carnestolendas. En el desfile participaron m\u00e1s de dos mil personas que integraron las diversas comparsas y bandas musicales, as\u00ed como 10 carros aleg\u00f3ricos.<\/span><\/p>\n<p class=\"x_MsoNormal\"><span lang=\"ES-TRAD\">La Presidenta Municipal de Solidaridad, Cristina Torres G\u00f3mez, se\u00f1al\u00f3 en entrevista que durante el desfile se apreci\u00f3 a las familias solidarenses y los visitantes disfrutando de la alegr\u00eda y los bailes que compartieron los reyes y comparsas, \u201ctodos estuvieron entregando lo mejor de s\u00ed en la caminata\u201d.<\/span><\/p>\n<p class=\"x_MsoNormal\"><span lang=\"ES-TRAD\">\u201cLos turistas se sumaron a la fiesta cuando recorrimos la avenida Constituyentes hasta llegar al bulevar Playa del Carmen, y los vecinos de las colonias aleda\u00f1as, salieron a las calles a disfrutar del Carnaval. Este a\u00f1o nuestra tradicional fiesta tiene el objetivo de vincular la parte tur\u00edstica con la zona habitacional, de esta manera tenemos una sola fiesta que nos une a todos\u201d, indic\u00f3.<\/span><\/p>\n<p class=\"x_MsoNormal\"><span lang=\"ES-TRAD\">Durante el desfile, los vecinos de colonias como Gonzalo Guerrero y 28 de Julio, y los fraccionamientos Bosque Real, Galaxia del Carmen I y II, Misi\u00f3n del Carmen, Santa Fe, Toscana, Villamar I y II, pudieron vivir la alegr\u00eda del Carnaval y saludar a los Reyes<b>\u00a0<\/b>Infantiles,\u00a0Claudia Sol\u00f3rzano y Luis \u00c1ngel Arcos; la Reina Infantil de la Alegr\u00eda, Andrea Amaro Ch\u00e1vez; la Reina Infantil de la Fantas\u00eda, Indira Coronel, y el Rey Infantil de la Alegr\u00eda, Jhosmar Malpica.<\/span><\/p>\n<p class=\"x_MsoNormal\"><span lang=\"ES-TRAD\">As\u00ed como a los Reyes de la Juventud Annet Ivonne Santoyo Gonz\u00e1lez y Jhonas May Montoya; la Reina de la Juventud de la Alegr\u00eda, Karen Daniela Jim\u00e9nez Salazar; a los Reyes de la Diversidad, Alessandra Aguilar y Manuel Alejandro May Canch\u00e9, y la Reina de la Alegr\u00eda de la Diversidad, Scarlet Avil\u00e9s; as\u00ed como a los Soberanos Berenice Monserrat Vargas de la Cruz y Baruc L\u00f3pez Merlo, quienes\u00a0<\/span><span lang=\"ES-TRAD\">entregaron collares y dulces a los asistentes.<\/span><\/p>\n<p class=\"x_MsoNormal\"><span lang=\"ES-TRAD\">Al concluir el recorrido m\u00e1s de 40 mil personas se dieron cita en la explanada de la nueva sede del Palacio Municipal donde se llev\u00f3 a cabo la presentaci\u00f3n del grupo Ha Ash, que interpretaron sus \u00e9xitos: \u201cTe dejo en libertad\u201d, \u201cOdio amarte\u201d, \u201cQu\u00e9 hago yo\u201d, \u201cLo que yo se de ti\u201d, \u201cT\u00fa mirada en m\u00ed\u201d y \u201cVamos a llamarle amor\u201d.<\/span><\/p>\n<p class=\"x_MsoNormal\"><span lang=\"ES-TRAD\">Al respecto, Patricia Cota Reyes, vecina del fraccionamiento Bosque Real, manifest\u00f3 que sali\u00f3 a la calle al escuchar la m\u00fasica y la algarab\u00eda: \u201cEstoy emocionada, ya que es la primera vez que se realiza el paseo del carnaval por la avenida Luis Donaldo Colosio.\u00a0\u00a0Antes s\u00f3lo se realizaba en la zona Centro. Lo disfrute much\u00edsimo\u201d, subray\u00f3.\u00a0<\/span><\/p>\n<p class=\"x_MsoNormal\"><span lang=\"ES-TRAD\">Al igual que ella, comerciantes de las avenidas Luis Donaldo Colosio, 115 y CTM, agradecieron a las autoridades municipales por acercar estas fiestas a la zona poniente de Playa del Carmen y promover el consumo de sus locales.<\/span><\/p>\n<p class=\"x_MsoNormal\"><span lang=\"ES-TRAD\">Luis Ernesto Rodr\u00edguez, quien tiene un negocio de antojitos, dijo que otros a\u00f1os hab\u00edan participado en la fiesta que se realizaba en la explanada de la Plaza 28 de Julio: \u201cEstamos muy contentos de que este a\u00f1o pase frente a nuestros negocios, nos divertimos y nos dan m\u00e1s ganas de trabajar, ya que la gente sali\u00f3 a las calles\u201d, dijo.<\/span><\/p>\n<p class=\"x_MsoNormal\"><span lang=\"ES-TRAD\">En este evento estuvo presente la Presidenta Honoraria del DIF de Quintana Roo, Gabriela Rej\u00f3n de Joaqu\u00edn; el Presidente de la Gran Comisi\u00f3n del Congreso del Estado, Eduardo Mart\u00ednez Arcila, as\u00ed como integrantes del H. Ayuntamiento de Solidaridad.<\/span><\/p>\n<p class=\"x_MsoNormal\"><span lang=\"ES-TRAD\">Este domingo se realizar\u00e1 el Segundo Paseo de Carros Aleg\u00f3ricos que iniciar\u00e1 a las 18:00 horas en el Tercer Parque de Villas del Sol, sobre avenida Gavilanes para llegar al estacionamiento de Chedraui, donde la fiesta ser\u00e1 amenizada por Nelson Kanzela, y en la colonia Luis Donaldo Colosio se llevar\u00e1 a cabo \u201cLa Noche de Carnaval en la Unidad Deportiva \u201cLuis Donaldo Colosio,\u201d con el magno concierto de \u201cEl Mago de los Teclados\u201d Che Kame, La Crisis de Chico Che y los Siete Latinos, en punto de las 19:00 horas.<\/span><\/p>\n<div class='share-to-whatsapp-wrapper'><div class='share-on-whsp'>Share on: <\/div><a data-text='Por primera vez, llega Carnaval de Playa del Carmen a Colonias de Solidaridad' data-link='https:\/\/visionpeninsular.com\/mid\/primera-vez-llega-carnaval-playa-del-carmen-a-colonias-solidaridad\/' class='whatsapp-button whatsapp-share'>WhatsApp<\/a><div class='clear '><\/div><\/div>","protected":false},"excerpt":{"rendered":"<p>Miles de solidarenses y turistas disfrutaron el Primer Paseo de Carros Aleg\u00f3ricos del Carnaval, que por primera vez recorri\u00f3 las principales avenidas del municipio, con el objetivo de acercar a la ciudadan\u00eda las fiestas carnestolendas. En el desfile participaron m\u00e1s de dos mil personas que integraron las diversas comparsas y bandas musicales, as\u00ed como 10 &hellip;<\/p>\n","protected":false},"author":1,"featured_media":36329,"comment_status":"open","ping_status":"open","sticky":false,"template":"","format":"standard","meta":{"_mi_skip_tracking":false},"categories":[48],"tags":[9954],"_links":{"self":[{"href":"https:\/\/visionpeninsular.com\/mid\/wp-json\/wp\/v2\/posts\/36328"}],"collection":[{"href":"https:\/\/visionpeninsular.com\/mid\/wp-json\/wp\/v2\/posts"}],"about":[{"href":"https:\/\/visionpeninsular.com\/mid\/wp-json\/wp\/v2\/types\/post"}],"author":[{"embeddable":true,"href":"https:\/\/visionpeninsular.com\/mid\/wp-json\/wp\/v2\/users\/1"}],"replies":[{"embeddable":true,"href":"https:\/\/visionpeninsular.com\/mid\/wp-json\/wp\/v2\/comments?post=36328"}],"version-history":[{"count":1,"href":"https:\/\/visionpeninsular.com\/mid\/wp-json\/wp\/v2\/posts\/36328\/revisions"}],"predecessor-version":[{"id":36330,"href":"https:\/\/visionpeninsular.com\/mid\/wp-json\/wp\/v2\/posts\/36328\/revisions\/36330"}],"wp:featuredmedia":[{"embeddable":true,"href":"https:\/\/visionpeninsular.com\/mid\/wp-json\/wp\/v2\/media\/36329"}],"wp:attachment":[{"href":"https:\/\/visionpeninsular.com\/mid\/wp-json\/wp\/v2\/media?parent=36328"}],"wp:term":[{"taxonomy":"category","embeddable":true,"href":"https:\/\/visionpeninsular.com\/mid\/wp-json\/wp\/v2\/categories?post=36328"},{"taxonomy":"post_tag","embeddable":true,"href":"https:\/\/visionpeninsular.com\/mid\/wp-json\/wp\/v2\/tags?post=36328"}],"curies":[{"name":"wp","href":"https:\/\/api.w.org\/{rel}","templated":true}]}}