{"id":36239,"date":"2018-02-09T07:41:58","date_gmt":"2018-02-09T13:41:58","guid":{"rendered":"http:\/\/visionpeninsular.com\/mid\/?p=36239"},"modified":"2018-02-09T07:46:30","modified_gmt":"2018-02-09T13:46:30","slug":"diana-canto-primera-propuesta-a-regidora-respaldo-ciudadano-renan-barrera","status":"publish","type":"post","link":"https:\/\/visionpeninsular.com\/mid\/diana-canto-primera-propuesta-a-regidora-respaldo-ciudadano-renan-barrera\/","title":{"rendered":"Diana Canto, primera propuesta a regidora con respaldo ciudadano: Ren\u00e1n Barrera"},"content":{"rendered":"<h2 style=\"text-align: center;\">Siete A.C. respaldan inclusi\u00f3n de Diana Canto en la planilla de regidores del PAN<\/h2>\n<p>Siete Organizaciones de la Sociedad Civil presentaron al pre candidato del Partido Acci\u00f3n Nacional a la Alcald\u00eda de M\u00e9rida, Ren\u00e1n Barrera Concha, el respaldo para la inclusi\u00f3n de la Lic. Diana Canto Moreno como parte de su planilla de regidores.<\/p>\n<p>El pre candidato recibi\u00f3 la propuesta y se dijo agradecido de que el inter\u00e9s de la ciudadan\u00eda en este proceso electoral no se limite a su participaci\u00f3n en el d\u00eda de las votaciones sino que tambi\u00e9n participe en la elecci\u00f3n de quienes ser\u00e1n sus candidatos.<\/p>\n<p>Las organizaciones que brindaron su apoyo en esta propuesta son:\u00a0 Layda\u00a0Rodriguez Torres por Mujeres Sin Maquillaje; Perla Herrera Mena por Mujeres Lideres del Sureste; Candy May Novelo por Centro Cultural y de Derechos Humanos: CASA Colibr\u00ed; Adelaida Salas Salazar por El Observatorio Ciudadan\u00eda<br \/>\nNacional del Feminicidio Yucat\u00e1n; Feliciano S\u00e1nchez Chan por Miatzil Maayaa A.C.; Diana Arelly Pacheco Cab por Joven es Yucat\u00e1n y Dulce Mar\u00eda Sauri Riancho, Mar\u00eda Eugenia N\u00fa\u00f1ez Zapata, Marbella Casanova Calam, Rita Farjat V\u00e1zquez, Gina Villag\u00f3mez Valdez, Malena Pe\u00f3n Vega y Ligia Vera Gamboa por Mujeres Todas.<\/p>\n<p>Cabe mencionar que el pre candidato se\u00f1al\u00f3 que est\u00e1 es la \u00fanica propuesta que ha recibido que cuenta con el respaldo ciudadano.<\/p>\n<p>A continuaci\u00f3n les compartimos la carta integra con las firmas que respaldan esta propuesta ciudadana:<\/p>\n<div id='gallery-1' class='gallery galleryid-36239 gallery-columns-2 gallery-size-medium'><figure class='gallery-item'>\n\t\t\t<div class='gallery-icon portrait'>\n\t\t\t\t<a href='https:\/\/visionpeninsular.com\/mid\/diana-canto-primera-propuesta-a-regidora-respaldo-ciudadano-renan-barrera\/nuevo-doc-2018-02-07-18-50-10\/'><img width=\"215\" height=\"300\" src=\"https:\/\/visionpeninsular.com\/mid\/wp-content\/uploads\/2018\/02\/1-215x300.jpg\" class=\"attachment-medium size-medium\" alt=\"\" loading=\"lazy\" aria-describedby=\"gallery-1-36242\" srcset=\"https:\/\/visionpeninsular.com\/mid\/wp-content\/uploads\/2018\/02\/1-215x300.jpg 215w, https:\/\/visionpeninsular.com\/mid\/wp-content\/uploads\/2018\/02\/1-768x1074.jpg 768w, https:\/\/visionpeninsular.com\/mid\/wp-content\/uploads\/2018\/02\/1-732x1024.jpg 732w\" sizes=\"(max-width: 215px) 100vw, 215px\" \/><\/a>\n\t\t\t<\/div>\n\t\t\t\t<figcaption class='wp-caption-text gallery-caption' id='gallery-1-36242'>\n\t\t\t\tCarta\n\t\t\t\t<\/figcaption><\/figure><figure class='gallery-item'>\n\t\t\t<div class='gallery-icon portrait'>\n\t\t\t\t<a href='https:\/\/visionpeninsular.com\/mid\/diana-canto-primera-propuesta-a-regidora-respaldo-ciudadano-renan-barrera\/nuevo-doc-2018-02-07-18-50-10-2\/'><img width=\"215\" height=\"300\" src=\"https:\/\/visionpeninsular.com\/mid\/wp-content\/uploads\/2018\/02\/2-215x300.jpg\" class=\"attachment-medium size-medium\" alt=\"\" loading=\"lazy\" aria-describedby=\"gallery-1-36243\" srcset=\"https:\/\/visionpeninsular.com\/mid\/wp-content\/uploads\/2018\/02\/2-215x300.jpg 215w, https:\/\/visionpeninsular.com\/mid\/wp-content\/uploads\/2018\/02\/2-768x1074.jpg 768w, https:\/\/visionpeninsular.com\/mid\/wp-content\/uploads\/2018\/02\/2-732x1024.jpg 732w\" sizes=\"(max-width: 215px) 100vw, 215px\" \/><\/a>\n\t\t\t<\/div>\n\t\t\t\t<figcaption class='wp-caption-text gallery-caption' id='gallery-1-36243'>\n\t\t\t\tFirmas\n\t\t\t\t<\/figcaption><\/figure>\n\t\t<\/div>\n\n<div class='share-to-whatsapp-wrapper'><div class='share-on-whsp'>Share on: <\/div><a data-text='Diana Canto, primera propuesta a regidora con respaldo ciudadano: Ren\u00e1n Barrera' data-link='https:\/\/visionpeninsular.com\/mid\/diana-canto-primera-propuesta-a-regidora-respaldo-ciudadano-renan-barrera\/' class='whatsapp-button whatsapp-share'>WhatsApp<\/a><div class='clear '><\/div><\/div>","protected":false},"excerpt":{"rendered":"<p>Siete A.C. respaldan inclusi\u00f3n de Diana Canto en la planilla de regidores del PAN Siete Organizaciones de la Sociedad Civil presentaron al pre candidato del Partido Acci\u00f3n Nacional a la Alcald\u00eda de M\u00e9rida, Ren\u00e1n Barrera Concha, el respaldo para la inclusi\u00f3n de la Lic. Diana Canto Moreno como parte de su planilla de regidores. El &hellip;<\/p>\n","protected":false},"author":1,"featured_media":36240,"comment_status":"open","ping_status":"open","sticky":false,"template":"","format":"standard","meta":{"_mi_skip_tracking":false},"categories":[50],"tags":[9927,9925,157,2736,9926,4465],"_links":{"self":[{"href":"https:\/\/visionpeninsular.com\/mid\/wp-json\/wp\/v2\/posts\/36239"}],"collection":[{"href":"https:\/\/visionpeninsular.com\/mid\/wp-json\/wp\/v2\/posts"}],"about":[{"href":"https:\/\/visionpeninsular.com\/mid\/wp-json\/wp\/v2\/types\/post"}],"author":[{"embeddable":true,"href":"https:\/\/visionpeninsular.com\/mid\/wp-json\/wp\/v2\/users\/1"}],"replies":[{"embeddable":true,"href":"https:\/\/visionpeninsular.com\/mid\/wp-json\/wp\/v2\/comments?post=36239"}],"version-history":[{"count":3,"href":"https:\/\/visionpeninsular.com\/mid\/wp-json\/wp\/v2\/posts\/36239\/revisions"}],"predecessor-version":[{"id":36245,"href":"https:\/\/visionpeninsular.com\/mid\/wp-json\/wp\/v2\/posts\/36239\/revisions\/36245"}],"wp:featuredmedia":[{"embeddable":true,"href":"https:\/\/visionpeninsular.com\/mid\/wp-json\/wp\/v2\/media\/36240"}],"wp:attachment":[{"href":"https:\/\/visionpeninsular.com\/mid\/wp-json\/wp\/v2\/media?parent=36239"}],"wp:term":[{"taxonomy":"category","embeddable":true,"href":"https:\/\/visionpeninsular.com\/mid\/wp-json\/wp\/v2\/categories?post=36239"},{"taxonomy":"post_tag","embeddable":true,"href":"https:\/\/visionpeninsular.com\/mid\/wp-json\/wp\/v2\/tags?post=36239"}],"curies":[{"name":"wp","href":"https:\/\/api.w.org\/{rel}","templated":true}]}}