{"id":36172,"date":"2018-02-08T08:00:47","date_gmt":"2018-02-08T14:00:47","guid":{"rendered":"http:\/\/visionpeninsular.com\/mid\/?p=36172"},"modified":"2018-02-08T08:00:47","modified_gmt":"2018-02-08T14:00:47","slug":"gobernador-carlos-joaquin-toma-protesta-a-integrantes-del-comite-informacion-geografica","status":"publish","type":"post","link":"https:\/\/visionpeninsular.com\/mid\/gobernador-carlos-joaquin-toma-protesta-a-integrantes-del-comite-informacion-geografica\/","title":{"rendered":"El gobernador Carlos Joaqu\u00edn toma protesta a integrantes del Comit\u00e9 de Informaci\u00f3n Geogr\u00e1fica"},"content":{"rendered":"<p>El Gobernador del Estado, Carlos Joaqu\u00edn Gonz\u00e1lez, instal\u00f3 y tom\u00f3 la protesta a quienes integran el Comit\u00e9 Estatal de Informaci\u00f3n Estad\u00edstica y Geogr\u00e1fica de Quintana Roo (CEIEG-Quintana Roo), un \u00f3rgano colegiado de participaci\u00f3n y consulta que generar\u00e1 herramientas estad\u00edsticas para la toma de decisiones en pol\u00edticas p\u00fablicas.<\/p>\n<p>\u201cHemos sido muy claros en que debemos reconocer lo que pasa en Quintana Roo, saber c\u00f3mo vamos avanzando en la disminuci\u00f3n de la desigualdad, c\u00f3mo crecemos tanto en la zona rural como en la zona tur\u00edstica, c\u00f3mo tener mejores programas y proyectos que den a la gente m\u00e1s y mejores oportunidades de vivir mejor\u201d, se\u00f1al\u00f3 hoy el Gobernador Carlos Joaqu\u00edn Gonz\u00e1lez.<\/p>\n<p>Durante el evento, realizado en el Centro Internacional de Negocios y Convenciones, el presidente del Instituto Nacional de Estad\u00edstica y Geograf\u00eda (INEGI), Julio Alfonso Santaella Castell, dio a conocer resultados de \u201cEl INEGI del hoy y del ma\u00f1ana. Estad\u00edsticas, herramientas y proyectos para la toma de decisiones\u201d.<\/p>\n<p>Mar\u00eda Luisa Hern\u00e1ndez Aguilar, acad\u00e9mica de la Universidad de Quintana Roo (Uqroo), se\u00f1al\u00f3: \u201cConocer las cifras y las estad\u00edsticas de Quintana Roo es \u00fatil para medir, planear y evaluar hacia d\u00f3nde estamos yendo y, como se ha se\u00f1alado, todo esto apoyar\u00e1 la toma de decisiones para los programas que se llevan a quienes m\u00e1s lo necesitan.\u201d<\/p>\n<p>\u201cEs muy importante tener estad\u00edsticas confiables, ya que eso permite planear bien lo que se hace en el Estado. Los datos se ubican correctamente y nos permiten avanzar m\u00e1s\u201d, indic\u00f3 Bernab\u00e9 May Mass, trabajador de la Uqroo, habitante de la colonia Nuevo Progreso.<\/p>\n<p>En el evento, el jefe del Ejecutivo plante\u00f3 la necesidad de tener un procedimiento para la medici\u00f3n de la poblaci\u00f3n flotante, debido a que la mayor parte de las f\u00f3rmulas que se utilizan para las participaciones federales se basan en el crecimiento poblacional.<\/p>\n<p>Hace falta crear un Centro de Informaci\u00f3n Estad\u00edstica del Estado que cumpla con lo que se requiere, a nivel geogr\u00e1fico y catastral, para tener datos propios que ofrecer para nuevas inversiones; e incorporar a Oth\u00f3n P. Blanco en la Encuesta Nacional de Ocupaci\u00f3n y Empleo (ENOE), debido a que no se tienen los datos suficientes y normalmente se mencionan datos del municipio de Benito Ju\u00e1rez.<\/p>\n<p>Tambi\u00e9n se necesita generar un sistema estatal de informaci\u00f3n estad\u00edstica de equidad de g\u00e9nero, un registro estatal de personas con discapacidad, apoyo para calcular el Producto Interno Bruto de las entidades municipales, e indicadores sociales (por municipio) de cada una de las zonas y regiones de Quintana Roo para saber c\u00f3mo se va avanzando.<\/p>\n<p>\u201cJuntos podemos corregir el rumbo de Quintana Roo. Desde el primer d\u00eda de la administraci\u00f3n, contra viento y marea, iniciamos la tarea de reconstruir al Estado desde sus cimientos, para disminuir la desigualdad, recuperar la tranquilidad y combatir la corrupci\u00f3n. Hemos tenido logros, pero todav\u00eda insuficientes; vamos en la direcci\u00f3n correcta y ya no vamos a parar\u201d, agreg\u00f3 el mandatario estatal.<\/p>\n<p>La titular de la Secretar\u00eda de Finanzas y Planeaci\u00f3n (Sefiplan), Yohanet Torres Mu\u00f1oz, explic\u00f3 que la integraci\u00f3n del comit\u00e9 contribuir\u00e1 a generar la informaci\u00f3n b\u00e1sica para identificar y ubicar las regiones socio demogr\u00e1ficas, en diversos niveles territoriales, lo que permitir\u00e1 tener un soporte estad\u00edstico para la toma de decisiones en los sectores p\u00fablico, privado y social.<\/p>\n<p>\u201cLa administraci\u00f3n p\u00fablica en Quintana Roo transita hacia una gesti\u00f3n basada en resultados para que los beneficios del desarrollo lleguen con m\u00e1s y mejores oportunidades a la gente\u201d, asegur\u00f3 la titular de Sefiplan.<\/p>\n<div class='share-to-whatsapp-wrapper'><div class='share-on-whsp'>Share on: <\/div><a data-text='El gobernador Carlos Joaqu\u00edn toma protesta a integrantes del Comit\u00e9 de Informaci\u00f3n Geogr\u00e1fica' data-link='https:\/\/visionpeninsular.com\/mid\/gobernador-carlos-joaquin-toma-protesta-a-integrantes-del-comite-informacion-geografica\/' class='whatsapp-button whatsapp-share'>WhatsApp<\/a><div class='clear '><\/div><\/div>","protected":false},"excerpt":{"rendered":"<p>El Gobernador del Estado, Carlos Joaqu\u00edn Gonz\u00e1lez, instal\u00f3 y tom\u00f3 la protesta a quienes integran el Comit\u00e9 Estatal de Informaci\u00f3n Estad\u00edstica y Geogr\u00e1fica de Quintana Roo (CEIEG-Quintana Roo), un \u00f3rgano colegiado de participaci\u00f3n y consulta que generar\u00e1 herramientas estad\u00edsticas para la toma de decisiones en pol\u00edticas p\u00fablicas. \u201cHemos sido muy claros en que debemos reconocer &hellip;<\/p>\n","protected":false},"author":1,"featured_media":36173,"comment_status":"open","ping_status":"open","sticky":false,"template":"","format":"standard","meta":{"_mi_skip_tracking":false},"categories":[47],"tags":[9900],"_links":{"self":[{"href":"https:\/\/visionpeninsular.com\/mid\/wp-json\/wp\/v2\/posts\/36172"}],"collection":[{"href":"https:\/\/visionpeninsular.com\/mid\/wp-json\/wp\/v2\/posts"}],"about":[{"href":"https:\/\/visionpeninsular.com\/mid\/wp-json\/wp\/v2\/types\/post"}],"author":[{"embeddable":true,"href":"https:\/\/visionpeninsular.com\/mid\/wp-json\/wp\/v2\/users\/1"}],"replies":[{"embeddable":true,"href":"https:\/\/visionpeninsular.com\/mid\/wp-json\/wp\/v2\/comments?post=36172"}],"version-history":[{"count":1,"href":"https:\/\/visionpeninsular.com\/mid\/wp-json\/wp\/v2\/posts\/36172\/revisions"}],"predecessor-version":[{"id":36174,"href":"https:\/\/visionpeninsular.com\/mid\/wp-json\/wp\/v2\/posts\/36172\/revisions\/36174"}],"wp:featuredmedia":[{"embeddable":true,"href":"https:\/\/visionpeninsular.com\/mid\/wp-json\/wp\/v2\/media\/36173"}],"wp:attachment":[{"href":"https:\/\/visionpeninsular.com\/mid\/wp-json\/wp\/v2\/media?parent=36172"}],"wp:term":[{"taxonomy":"category","embeddable":true,"href":"https:\/\/visionpeninsular.com\/mid\/wp-json\/wp\/v2\/categories?post=36172"},{"taxonomy":"post_tag","embeddable":true,"href":"https:\/\/visionpeninsular.com\/mid\/wp-json\/wp\/v2\/tags?post=36172"}],"curies":[{"name":"wp","href":"https:\/\/api.w.org\/{rel}","templated":true}]}}