{"id":3600,"date":"2010-04-06T12:16:50","date_gmt":"2010-04-06T17:16:50","guid":{"rendered":"http:\/\/visionpeninsular.com\/mid\/?p=3600"},"modified":"2016-05-15T12:23:53","modified_gmt":"2016-05-15T17:23:53","slug":"diario-reforma-publica-impulsan-central-park-chichen-2020","status":"publish","type":"post","link":"https:\/\/visionpeninsular.com\/mid\/diario-reforma-publica-impulsan-central-park-chichen-2020\/","title":{"rendered":"DIARIO REFORMA PUBLICA: Impulsan Central Park Chich\u00e9n 2020"},"content":{"rendered":"<p class=\"&quot;MsoNormal&quot;\">Marcar\u00e1 \u201cel resurgimiento de Yucat\u00e1n a escala mundial\u201d, dijo la gobernadora Ivonne Ortega.<\/p>\n<p><strong>M\u00e9rida<\/strong>.- Con la compra de 83 hect\u00e1reas donde se ubican las estructuras prehisp\u00e1nicas m\u00e1s importantes de la ciudad maya de Chich\u00e9n Itz\u00e1 se allana el camino para la realizaci\u00f3n de un <span class=\"&quot;SpellE&quot;\">macrodesarrollo<\/span> denominado Central Park Chich\u00e9n 2020, anunciaron autoridades locales.<br \/>\nEl <span class=\"&quot;SpellE&quot;\">macrodesarrollo<\/span> tur\u00edstico en Chichen Itz\u00e1 incluye en el proyecto playas y 12 hoteles de gran turismo, entre otros atractivos, con el aval del Sistema para el Financiamiento del Desarrollo del Estado de Yucat\u00e1n (<span class=\"&quot;SpellE&quot;\">Sifidey<\/span>) y capital de al menos cinco pa\u00edses como China, Corea, Estados Unidos, Francia, Canad\u00e1 y M\u00e9xico.<\/p>\n<p>En el aspecto cultural, desde el pasado 21 de diciembre se puso la primera piedra del Palacio de la Civilizaci\u00f3n Maya, en el tambi\u00e9n cercano municipio de <span class=\"&quot;SpellE&quot;\">Yaxcab\u00e1<\/span>, en una superficie de 364 hect\u00e1reas y con un costo de 70 millones de pesos.<\/p>\n<p>La gobernadora Ivonne Ortega Pacheco asegur\u00f3 que este nuevo centro cultural y espacio museogr\u00e1fico marca \u201cel resurgimiento de Yucat\u00e1n a escala mundial y representa un punto de encuentro para todos los seres humanos, que creemos que a este mundo venimos a construir una mejor civilizaci\u00f3n, m\u00e1s humana, justa y generosa\u201d.<\/p>\n<p>El titular de esa instituci\u00f3n, Adolfo Peniche P\u00e9rez, insiste en que apenas es un proyecto, pero reconoce que ya hay <span class=\"&quot;SpellE&quot;\"><em>renders<\/em><\/span> (representaciones digitales) y dise\u00f1os de edificaciones y urbanizaci\u00f3n en la zona de los mayas.<\/p>\n<p>Sobre el tema, el funcionario refiri\u00f3 que en realidad el video no es propiedad del gobierno del estado, pese a que se observan sus logotipos, sino que fue encargo de un particular extranjero interesado en el <span class=\"&quot;SpellE&quot;\">macrodesarrollo<\/span>, al cual no identific\u00f3, pero insisti\u00f3 en que ya fue advertido de que retire los escudos gubernamentales.<\/p>\n<p>Desde el principio hasta el final del video se muestra el logotipo del gobierno del estado con las siglas del Sistema para el Financiamiento del Estado.<br \/>\nEl video se inicia con <span class=\"&quot;GramE&quot;\">las leyenda<\/span>: <span class=\"&quot;SpellE&quot;\">Macrodesarrollo<\/span> Tur\u00edstico Iniciativa Privada Grupo de Inversionistas Nacionales y Extranjeros. Debajo tienen las banderas de China, Canad\u00e1, Estados Unidos y Francia, y debajo de \u00e9stas dice: Con el apoyo del gobierno del estado, y el logotipo institucional de la administraci\u00f3n que encabeza Ivonne Ortega Pacheco.<br \/>\nPeniche P\u00e9rez dijo que el gobierno y el <span class=\"&quot;SpellE&quot;\">Sifidey<\/span> no tienen nada que ver con ese proyecto, que es de un particular.<br \/>\nEl proyecto incluye 12 hoteles de cinco estrellas gran turismo, un centro de convenciones, playas, parques acu\u00e1ticos, balnearios, lagos artificiales, caba\u00f1as, campo de golf y centros comerciales, entre otras instalaciones de lujo, coment\u00f3.<br \/>\nComo complemento al desarrollo en el oriente de Yucat\u00e1n, cerca de la frontera con Quintana Roo, se incluye el convenio ya firmado entre el gobierno estatal, a trav\u00e9s de su ex secretario de Fomento Industrial Jaime <span class=\"&quot;SpellE&quot;\">Zetina<\/span> Gonz\u00e1lez, con el consorcio Plataforma Log\u00edstica de Arag\u00f3n y Zaragoza, conocido en la Uni\u00f3n Europea como Plaza, para que opere la Plataforma Log\u00edstica de Yucat\u00e1n y Chich\u00e9n Itz\u00e1.<br \/>\nEl presidente de Arag\u00f3n, Marcelino Iglesias, fue el encargado de dar a conocer estos acuerdos y la r\u00fabrica de este convenio con Yucat\u00e1n cont\u00f3 con la participaci\u00f3n del consejero delegado de Plaza, Carlos <span class=\"&quot;SpellE&quot;\">Esco<\/span>.<br \/>\nEn la zona opera el Aeropuerto Internacional Chich\u00e9n Itz\u00e1, ubicado en el aleda\u00f1o municipio de <span class=\"&quot;SpellE&quot;\">Kaua<\/span> y actualmente concesionado a Grupo Asur, de Fernando Chico Pardo, y hacia el Norte quedan cerca las playas del pueblo m\u00e1gico de San Felipe y la reserva de la biosfera de r\u00edo Lagartos, mientras que al centro hay un desarrollo con clubes de golf cerca del municipio de <span class=\"&quot;SpellE&quot;\">Dzemul<\/span>.<br \/>\n<strong>Los primeros pasos<\/strong><strong><br \/>\n<\/strong><br \/>\n&#8211; Ya fue colocada la primera piedra del Palacio de la Civilizaci\u00f3n Maya, en 364 hect\u00e1reas del municipio de <span class=\"&quot;SpellE&quot;\">Yaxcab\u00e1<\/span>.<br \/>\n&#8211; En la zona est\u00e1 el aeropuerto internacional de <span class=\"&quot;SpellE&quot;\">Kaua<\/span>, operado por Grupo Asur, y se firm\u00f3 el convenio con Plataforma Log\u00edstica de Zaragoza (Plaza) para operar una plataforma log\u00edstica de Valladolid-Chich\u00e9n.<\/p>\n<p>&nbsp;<\/p>\n<p>Fuente: <span style=\"color: #3366ff;\"><a style=\"color: #3366ff;\" href=\"http:\/\/El Diario Reforma\" target=\"_blank\">Diario el Reforma<\/a><\/span><\/p>\n<div class='share-to-whatsapp-wrapper'><div class='share-on-whsp'>Share on: <\/div><a data-text='DIARIO REFORMA PUBLICA: Impulsan Central Park Chich\u00e9n 2020' data-link='https:\/\/visionpeninsular.com\/mid\/diario-reforma-publica-impulsan-central-park-chichen-2020\/' class='whatsapp-button whatsapp-share'>WhatsApp<\/a><div class='clear '><\/div><\/div>","protected":false},"excerpt":{"rendered":"<p>Marcar\u00e1 \u201cel resurgimiento de Yucat\u00e1n a escala mundial\u201d, dijo la gobernadora Ivonne Ortega. M\u00e9rida.- Con la compra de 83 hect\u00e1reas donde se ubican las estructuras prehisp\u00e1nicas m\u00e1s importantes de la ciudad maya de Chich\u00e9n Itz\u00e1 se allana el camino para la realizaci\u00f3n de un macrodesarrollo denominado Central Park Chich\u00e9n 2020, anunciaron autoridades locales. El macrodesarrollo &hellip;<\/p>\n","protected":false},"author":1,"featured_media":3597,"comment_status":"open","ping_status":"open","sticky":false,"template":"","format":"standard","meta":{"_mi_skip_tracking":false},"categories":[49],"tags":[779,211,780,782],"_links":{"self":[{"href":"https:\/\/visionpeninsular.com\/mid\/wp-json\/wp\/v2\/posts\/3600"}],"collection":[{"href":"https:\/\/visionpeninsular.com\/mid\/wp-json\/wp\/v2\/posts"}],"about":[{"href":"https:\/\/visionpeninsular.com\/mid\/wp-json\/wp\/v2\/types\/post"}],"author":[{"embeddable":true,"href":"https:\/\/visionpeninsular.com\/mid\/wp-json\/wp\/v2\/users\/1"}],"replies":[{"embeddable":true,"href":"https:\/\/visionpeninsular.com\/mid\/wp-json\/wp\/v2\/comments?post=3600"}],"version-history":[{"count":4,"href":"https:\/\/visionpeninsular.com\/mid\/wp-json\/wp\/v2\/posts\/3600\/revisions"}],"predecessor-version":[{"id":3602,"href":"https:\/\/visionpeninsular.com\/mid\/wp-json\/wp\/v2\/posts\/3600\/revisions\/3602"}],"wp:featuredmedia":[{"embeddable":true,"href":"https:\/\/visionpeninsular.com\/mid\/wp-json\/wp\/v2\/media\/3597"}],"wp:attachment":[{"href":"https:\/\/visionpeninsular.com\/mid\/wp-json\/wp\/v2\/media?parent=3600"}],"wp:term":[{"taxonomy":"category","embeddable":true,"href":"https:\/\/visionpeninsular.com\/mid\/wp-json\/wp\/v2\/categories?post=3600"},{"taxonomy":"post_tag","embeddable":true,"href":"https:\/\/visionpeninsular.com\/mid\/wp-json\/wp\/v2\/tags?post=3600"}],"curies":[{"name":"wp","href":"https:\/\/api.w.org\/{rel}","templated":true}]}}