{"id":35979,"date":"2018-02-03T07:20:44","date_gmt":"2018-02-03T13:20:44","guid":{"rendered":"http:\/\/visionpeninsular.com\/mid\/?p=35979"},"modified":"2018-02-03T07:20:44","modified_gmt":"2018-02-03T13:20:44","slug":"presentan-colorido-programa-carnaval-merida-2018","status":"publish","type":"post","link":"https:\/\/visionpeninsular.com\/mid\/presentan-colorido-programa-carnaval-merida-2018\/","title":{"rendered":"Presentan colorido programa para el Carnaval M\u00e9rida 2018"},"content":{"rendered":"<h2>Bajo el tema &#8220;La Fiesta que nos Une&#8221; se prepara una gran fiesta carnestolenda<\/h2>\n<p>El baile, la fiesta y sobre todo la diversi\u00f3n ser\u00e1n los elementos que engalanar\u00e1n una de las festividades m\u00e1s coloridas de la ciudad, el Carnaval de M\u00e9rida 2018 &#8220;La Fiesta que nos Une&#8221; que para este a\u00f1o ofrece una tem\u00e1tica en honor a las diversas playas que hay en el mundo.<\/p>\n<p>Al igual que en a\u00f1os anteriores, la seguridad imperar\u00e1 durante los d\u00edas en los que se realicen los recorridos carnestolendas a fin de salvaguardar a las familias que asistan al Carnaval de M\u00e9rida 2018.<\/p>\n<p>Para esto, se trabaja coordinadamente con la Secretar\u00eda de Seguridad P\u00fablica y se dispondr\u00e1 de agentes de la Polic\u00eda Municipal de M\u00e9rida.<\/p>\n<p>En rueda de prensa la presidenta municipal, Mar\u00eda Fritz Sierra, dio a conocer los detalles que enaltecer\u00e1n esta fiesta que para este a\u00f1o, al igual que en ediciones anteriores, se contar\u00e1 con la presencia de artistas invitados, actividades para conocerlos de cerca y tomarse la foto del recuerdo, as\u00ed como la participaci\u00f3n de las comparsas, entre otras cosas.<\/p>\n<p>La alcaldesa inform\u00f3 que el inicio de las fiestas carnestolendas ser\u00e1 este 7 de febrero con la coronaci\u00f3n de los soberanos del Carnaval y con la quema del mal humor, que se llevar\u00e1 al cabo en el Centro de Espect\u00e1culos Carta Clara y que contar\u00e1 con la presencia de Los \u00c1ngeles Azules, quienes al ritmo de la cumbia pondr\u00e1n a bailar a los presentes.<\/p>\n<p>La entrega de boletos para asistir a la coronaci\u00f3n, se realizar\u00e1 el domingo 4 de febrero a partir de las 9 de la ma\u00f1ana en los siguientes puntos: Mercado de San Roque, Parque Bepensa, M\u00e9rida en Domingo y Parque de la Mejorada. Los boletos son gratis y hasta agotar existencias.<\/p>\n<p>En su mensaje, la alcaldesa agradeci\u00f3 a todos los reyes del Carnaval por sumarse a este gran festejo y que con su alegr\u00eda y ritmo pondr\u00e1n a bailar a todos aquellos que asisten a los festejos.<\/p>\n<p>La secretaria ejecutiva del Comit\u00e9 Permanente del Carnaval, Abril Ferreyro Rosado, invit\u00f3 a los meridanos a disfrutar de las fiestas y agradeci\u00f3 a los patrocinadores, y c\u00e1maras empresariales, quienes hacen posible todo este trabajo.<\/p>\n<p>Programa y artistas<\/p>\n<p>Este a\u00f1o se contar\u00e1 con la participaci\u00f3n de la &#8220;Marching Band&#8221; de los Dragones de Xalapa-dijo.<\/p>\n<p>En cuanto al electo art\u00edstico, Ferreyro Rosado explic\u00f3 que se tendr\u00e1 la presencia de artistas de talla nacional e internacional. Para el viernes 9 de febrero se presentar\u00e1n los actores Ariadne D\u00edaz y Gabriel Soto; para el s\u00e1bado 10 la actriz Vanessa Claudio; para el domingo 11 la actriz Irina Baeva y Esteban de &#8220;S\u00faper Shore&#8221;; el lunes 12 estar\u00e1 la actriz y cantante Liz Vega y para el martes 13 de febrero estar\u00e1 el actor Eleazar G\u00f3mez y la Wanders Lover.<\/p>\n<p>Los conciertos estar\u00e1n a cargo de Aar\u00f3n y su grupo Ilusi\u00f3n y los S\u00faper Lamas el viernes 9, Celso Pi\u00f1a para el domingo 11 y Christian Nodal para el martes 13.<\/p>\n<p>En Plaza Carnaval los asistentes podr\u00e1n disfrutar de una &#8220;disco callejera&#8221; ya que en la avenida principal se contar\u00e1 con juego de luces y la m\u00fasica de un Dj para animar el ambiente.<\/p>\n<p>El jueves 8 de febrero se realizar\u00e1 el tradicional desfile infantil en punto de las 4:00 pm cuyo derrotero inicia en los bajos de Palacio Municipal y concluye en el Parque de Santa Luc\u00eda. En \u00e9l participan 28 comparsas integradas por m\u00e1s de 600 ni\u00f1os.<\/p>\n<p>El viernes, el desfile de Corzo iniciar\u00e1 a las 8:30 pm y el S\u00e1bado de Fantas\u00eda a las 8:00 pm. El Domingo de Bachata el desfile iniciar\u00e1 a la 1 pm. El Lunes Regional, el desfile iniciar\u00e1 a las 8 pm y el Martes de Batalla de Flores iniciar\u00e1 a la 1:00 pm.<\/p>\n<p>Participar\u00e1n 14 carros aleg\u00f3ricos alusivos a las playas del mundo y 73 comparsas.<\/p>\n<p>Concurso de comparsas<\/p>\n<p>El concurso de comparsas se realizar\u00e1 el s\u00e1bado 3 de febrero en la explanada del Parque de la Alem\u00e1n en donde 18 grupos carnavalescos competir\u00e1n con los mejores ritmos y disfraces para ser acreedores de los siguientes premios: en la categor\u00eda Infantil la cantidad de $32,000, segundo lugar $20,000 y tercer lugar $12,000. En la categor\u00eda Regional las mismas cantidades se\u00f1aladas con anterioridad respectivamente.<\/p>\n<p>Y para la categor\u00eda Generales el premio es de $40,000, $25,000 y $15,000 para el primer, segundo y tercer lugar respectivamente.<\/p>\n<p>Transporte y seguridad<\/p>\n<p>Se contar\u00e1 con la presencia de m\u00e1s de 950 agentes de la polic\u00eda para brindar seguridad a los asistentes.<\/p>\n<p>Se contar\u00e1 con transporte gratuito para Plaza Carnaval con tres puntos de acceso: en Plaza Canek al Poniente, Centro en calle 69 entre 60 y 58 y en Plaza el Patio (antes Sendero) M\u00e9rida al Oriente. Tambi\u00e9n se contar\u00e1 con el servicio de Cami\u00f3n Rosa cuyo paradero estar\u00e1 en el Parque de San Juan y el transporte para adultos mayores y personas con discapacidad cuyo paradero estar\u00e1 sobre la calle 63 entre 62 y 64 (a un costado del estacionamiento de Palacio Municipal).<\/p>\n<p>En Plaza Carnaval se colocar\u00e1n m\u00e1s de 1,600 metros de gradas con capacidad para poco m\u00e1s de 40,000 visitantes, adem\u00e1s de 9,000 sillas y espacios especiales para personas con discapacidad. Se contar\u00e1 con 8 accesos y salidas, servicios de sanitario en todo el derrotero y salidas de emergencia.<\/p>\n<p>En la rueda estuvieron presentes los Reyes del Carnaval: Tony I y Mosk I; los reyes infantiles Neydi Vallado Ferr\u00e1ez, Neydi I y H\u00e9ctor Pech Arispuro, H\u00e9ctor I; los reyes con discapacidad intelectual Melissa Baeza Sosa, Melissa I y Jes\u00fas Enrique Ojeda Guadiana, Enrique I; los reyes con discapacidad motriz Odalys San Miguel Godoy, Odalys I Y William Lores Morris- William I; los reyes juveniles Abril Garc\u00eda Gamboa, Abril I y Omar Rej\u00f3n Vega, Omar I y los reyes que representan a los adultos mayores Mirna Mart\u00edn Escalante, Mirna I y Miguel Escalante Cer\u00f3n, Miguel I.<\/p>\n<div class='share-to-whatsapp-wrapper'><div class='share-on-whsp'>Share on: <\/div><a data-text='Presentan colorido programa para el Carnaval M\u00e9rida 2018' data-link='https:\/\/visionpeninsular.com\/mid\/presentan-colorido-programa-carnaval-merida-2018\/' class='whatsapp-button whatsapp-share'>WhatsApp<\/a><div class='clear '><\/div><\/div>","protected":false},"excerpt":{"rendered":"<p>Bajo el tema &#8220;La Fiesta que nos Une&#8221; se prepara una gran fiesta carnestolenda El baile, la fiesta y sobre todo la diversi\u00f3n ser\u00e1n los elementos que engalanar\u00e1n una de las festividades m\u00e1s coloridas de la ciudad, el Carnaval de M\u00e9rida 2018 &#8220;La Fiesta que nos Une&#8221; que para este a\u00f1o ofrece una tem\u00e1tica en &hellip;<\/p>\n","protected":false},"author":1,"featured_media":35980,"comment_status":"open","ping_status":"open","sticky":false,"template":"","format":"standard","meta":{"_mi_skip_tracking":false},"categories":[50],"tags":[1251,174,75,9867,107],"_links":{"self":[{"href":"https:\/\/visionpeninsular.com\/mid\/wp-json\/wp\/v2\/posts\/35979"}],"collection":[{"href":"https:\/\/visionpeninsular.com\/mid\/wp-json\/wp\/v2\/posts"}],"about":[{"href":"https:\/\/visionpeninsular.com\/mid\/wp-json\/wp\/v2\/types\/post"}],"author":[{"embeddable":true,"href":"https:\/\/visionpeninsular.com\/mid\/wp-json\/wp\/v2\/users\/1"}],"replies":[{"embeddable":true,"href":"https:\/\/visionpeninsular.com\/mid\/wp-json\/wp\/v2\/comments?post=35979"}],"version-history":[{"count":1,"href":"https:\/\/visionpeninsular.com\/mid\/wp-json\/wp\/v2\/posts\/35979\/revisions"}],"predecessor-version":[{"id":35981,"href":"https:\/\/visionpeninsular.com\/mid\/wp-json\/wp\/v2\/posts\/35979\/revisions\/35981"}],"wp:featuredmedia":[{"embeddable":true,"href":"https:\/\/visionpeninsular.com\/mid\/wp-json\/wp\/v2\/media\/35980"}],"wp:attachment":[{"href":"https:\/\/visionpeninsular.com\/mid\/wp-json\/wp\/v2\/media?parent=35979"}],"wp:term":[{"taxonomy":"category","embeddable":true,"href":"https:\/\/visionpeninsular.com\/mid\/wp-json\/wp\/v2\/categories?post=35979"},{"taxonomy":"post_tag","embeddable":true,"href":"https:\/\/visionpeninsular.com\/mid\/wp-json\/wp\/v2\/tags?post=35979"}],"curies":[{"name":"wp","href":"https:\/\/api.w.org\/{rel}","templated":true}]}}