{"id":35870,"date":"2018-02-01T08:32:59","date_gmt":"2018-02-01T14:32:59","guid":{"rendered":"http:\/\/visionpeninsular.com\/mid\/?p=35870"},"modified":"2018-02-01T08:47:56","modified_gmt":"2018-02-01T14:47:56","slug":"homicida-arqueologo-del-inah-enviado-a-juicio","status":"publish","type":"post","link":"https:\/\/visionpeninsular.com\/mid\/homicida-arqueologo-del-inah-enviado-a-juicio\/","title":{"rendered":"Solo un homicida de arque\u00f3logo del INAH es enviado a Juicio"},"content":{"rendered":"<h2>Tras cooperar con las autoridades recupera su libertad presunto homicida<\/h2>\n<p>Si bien la Fiscal\u00eda General del Estado logr\u00f3 presentar las suficientes pruebas durante la audiencia intermedia ante la Juez de Control Elsy Villanueva Segura para que se dictar\u00e1 el auto de apertura a juicio oral contra Juan Pablo A. O. por el homicidio de Carlos P\u00e9rez \u00c1lvarez (Cabinho), a Jos\u00e9 David N se le dej\u00f3 en libertad.<\/p>\n<p>Como se recordar\u00e1, Alberto N, hijo de Cabinho denunci\u00f3 la muerte de su padre, tras lo cual Jos\u00e9 David acudi\u00f3 a las autoridades para denunciar al autor material del homicidio del arque\u00f3logo del INAH, presuntamente movido por el arrepentimiento.<\/p>\n<p>Con esta cooperaci\u00f3n logro esclarecer su participaci\u00f3n en el crimen y recuperar su libertad.<\/p>\n<p>Cabe mencionar que en su declaraci\u00f3n, se relat\u00f3 que Carlos P\u00e9rez estaba bebiendo con Juan Pablo cuando comenzaron a discutir, misma que concluyo con la muerte de Cabinho.<\/p>\n<div class='share-to-whatsapp-wrapper'><div class='share-on-whsp'>Share on: <\/div><a data-text='Solo un homicida de arque\u00f3logo del INAH es enviado a Juicio' data-link='https:\/\/visionpeninsular.com\/mid\/homicida-arqueologo-del-inah-enviado-a-juicio\/' class='whatsapp-button whatsapp-share'>WhatsApp<\/a><div class='clear '><\/div><\/div>","protected":false},"excerpt":{"rendered":"<p>Tras cooperar con las autoridades recupera su libertad presunto homicida Si bien la Fiscal\u00eda General del Estado logr\u00f3 presentar las suficientes pruebas durante la audiencia intermedia ante la Juez de Control Elsy Villanueva Segura para que se dictar\u00e1 el auto de apertura a juicio oral contra Juan Pablo A. O. por el homicidio de Carlos &hellip;<\/p>\n","protected":false},"author":1,"featured_media":35871,"comment_status":"open","ping_status":"open","sticky":false,"template":"","format":"standard","meta":{"_mi_skip_tracking":false},"categories":[50],"tags":[2165,300,2008],"_links":{"self":[{"href":"https:\/\/visionpeninsular.com\/mid\/wp-json\/wp\/v2\/posts\/35870"}],"collection":[{"href":"https:\/\/visionpeninsular.com\/mid\/wp-json\/wp\/v2\/posts"}],"about":[{"href":"https:\/\/visionpeninsular.com\/mid\/wp-json\/wp\/v2\/types\/post"}],"author":[{"embeddable":true,"href":"https:\/\/visionpeninsular.com\/mid\/wp-json\/wp\/v2\/users\/1"}],"replies":[{"embeddable":true,"href":"https:\/\/visionpeninsular.com\/mid\/wp-json\/wp\/v2\/comments?post=35870"}],"version-history":[{"count":2,"href":"https:\/\/visionpeninsular.com\/mid\/wp-json\/wp\/v2\/posts\/35870\/revisions"}],"predecessor-version":[{"id":35876,"href":"https:\/\/visionpeninsular.com\/mid\/wp-json\/wp\/v2\/posts\/35870\/revisions\/35876"}],"wp:featuredmedia":[{"embeddable":true,"href":"https:\/\/visionpeninsular.com\/mid\/wp-json\/wp\/v2\/media\/35871"}],"wp:attachment":[{"href":"https:\/\/visionpeninsular.com\/mid\/wp-json\/wp\/v2\/media?parent=35870"}],"wp:term":[{"taxonomy":"category","embeddable":true,"href":"https:\/\/visionpeninsular.com\/mid\/wp-json\/wp\/v2\/categories?post=35870"},{"taxonomy":"post_tag","embeddable":true,"href":"https:\/\/visionpeninsular.com\/mid\/wp-json\/wp\/v2\/tags?post=35870"}],"curies":[{"name":"wp","href":"https:\/\/api.w.org\/{rel}","templated":true}]}}