{"id":35805,"date":"2018-01-31T08:20:07","date_gmt":"2018-01-31T14:20:07","guid":{"rendered":"http:\/\/visionpeninsular.com\/mid\/?p=35805"},"modified":"2018-01-31T08:20:07","modified_gmt":"2018-01-31T14:20:07","slug":"vivimos-en-extraordinario-mauricio-vila","status":"publish","type":"post","link":"https:\/\/visionpeninsular.com\/mid\/vivimos-en-extraordinario-mauricio-vila\/","title":{"rendered":"&#8220;Vivimos en un Estado Extraordinario&#8221; Mauricio Vila"},"content":{"rendered":"<h2>Juntos Yucat\u00e1n puede<\/h2>\n<p class=\"x_CuerpoA\"><span lang=\"ES-TRAD\">\u201cVivimos en un Estado extraordinario por su gente, su cultura, su gastronom\u00eda, su naturaleza; est\u00e1 en nuestras manos aprovechar todas las oportunidades para darle lo que merece. Los yucatecos no somos conformistas y trabajando juntos vamos a dar m\u00e1s a Yucat\u00e1n\u201d<\/span><span lang=\"PT\">, afirm<\/span><span lang=\"ES-TRAD\">\u00f3 Mauricio Vila Dosal<\/span><\/p>\n<p class=\"x_CuerpoA\"><span lang=\"ES-TRAD\">Por la ma\u00f1ana de este martes 30 de enero, el precandidato del PAN a la gubernatura de Yucat\u00e1n sostuvo una reuni\u00f3n con integrantes de la C\u00e1mara de Comercio de Tekax, los empresarios aprovecharon la ocasi\u00f3n para pedir apoyos para las peque\u00f1as y medianas empresas del municipio; Vila Dosal les platic\u00f3 sobre los programas de apoyo a emprendedores que ya se han llevado a la pr\u00e1ctica y los casos de \u00e9xito que se dieron, los cuales se deben replicar en todo Yucat\u00e1n para mover la econom\u00eda local.<\/span><\/p>\n<p class=\"x_CuerpoA\"><span lang=\"ES-TRAD\">Al llegar a Tahdzi\u00fa, Mauricio Vila salud\u00f3 a todos los amigos que lo esperaban y escuch\u00f3 con atenci\u00f3n sus principales necesidades para idear juntos las soluciones. En el municipio \u201cfalta empleo y atenci\u00f3n a la salud, estamos luchando para dejar atr\u00e1s la pobreza pero no podemos solos\u2026 Mauricio Vila es nuestra esperanza porque es una persona muy preparada, sensible y humano que sabe escuchar y trabajar. Estamos convencidos.\u201d, opin\u00f3 Medardo Castillo despu\u00e9s de platicar con el precandidato.<\/span><\/p>\n<p class=\"x_CuerpoA\"><span lang=\"ES-TRAD\">\u201cCuando Mauricio Vila dice algo lo cumple, por eso es la mejor opci\u00f3n para todos los municipios de Yucat\u00e1<\/span><span lang=\"PT\">n. Aqu<\/span><span lang=\"ES-TRAD\">\u00ed en el municipio muchas veces necesitamos atenci\u00f3n a la salud, porque cuando te enfermas no hay gente que te atienda ni medicamentos. Mauricio Vila tiene que ganar porque se preocupa por nuestra salud, por eso estamos con \u00e9l\u2026 Vila va a ser el gobernador\u201d, dijo Heidi Ku, vecina de Chacsink\u00edn despu\u00e9s del intercambio de ideas con el precandidato en su municipio.<\/span><\/p>\n<p class=\"x_CuerpoA\"><span lang=\"ES-TRAD\">Finalizando su jornada, Vila Dosal se dirigi\u00f3 al municipio de Oxkutzcab\u00a0 para realizar el foro \u201cConstruyendo Yucat\u00e1n\u201d que en esta ocasi\u00f3n cont\u00f3 con m\u00e1s de mil participantes. Al hacer uso de la voz, los asistentes le pidieron a Mauricio Vila que dirija sus ojos al campo yucateco que hoy requiere de unidades de riego, fertilizantes y otros insumos. Por su parte, el precandidato se dijo contento de estar en la \u201ctierra de la naranja\u201d y asegur\u00f3 a todos los presentes que contar\u00e1n con un gobernador que los escuche y les brinde la ayuda que necesitan porque el campo de Yucat\u00e1n merece m\u00e1s.\u00a0<\/span><\/p>\n<p class=\"x_CuerpoA\"><span lang=\"ES-TRAD\">Acompa\u00f1aron al precandidato Luis Alberto Lalo Barrera, Rosa Vera Balam, Nidia Mukul Yah y Fernando Crist\u00f3bal Ram\u00edrez, Presidentes de los Comit\u00e9s Municipales que hoy visit\u00f3, as\u00ed\u00a0<\/span><span lang=\"PT\">como Idrian Borges Chan, representante de J<\/span><span lang=\"ES-TRAD\">\u00f3venes en Acci\u00f3n Chacsink\u00edn.<\/span><\/p>\n<p><a href=\"http:\/\/visionpeninsular.com\/mid\/wp-content\/uploads\/2018\/01\/PRE-23-1.jpg\"><img loading=\"lazy\" class=\"alignnone size-medium wp-image-35806\" src=\"http:\/\/visionpeninsular.com\/mid\/wp-content\/uploads\/2018\/01\/PRE-23-1-300x200.jpg\" alt=\"\" width=\"300\" height=\"200\" srcset=\"https:\/\/visionpeninsular.com\/mid\/wp-content\/uploads\/2018\/01\/PRE-23-1-300x200.jpg 300w, https:\/\/visionpeninsular.com\/mid\/wp-content\/uploads\/2018\/01\/PRE-23-1-768x512.jpg 768w, https:\/\/visionpeninsular.com\/mid\/wp-content\/uploads\/2018\/01\/PRE-23-1-1024x683.jpg 1024w, https:\/\/visionpeninsular.com\/mid\/wp-content\/uploads\/2018\/01\/PRE-23-1.jpg 1280w\" sizes=\"(max-width: 300px) 100vw, 300px\" \/><\/a> <a href=\"http:\/\/visionpeninsular.com\/mid\/wp-content\/uploads\/2018\/01\/PRE-23-2.jpg\"><img loading=\"lazy\" class=\"alignnone size-medium wp-image-35807\" src=\"http:\/\/visionpeninsular.com\/mid\/wp-content\/uploads\/2018\/01\/PRE-23-2-300x200.jpg\" alt=\"\" width=\"300\" height=\"200\" srcset=\"https:\/\/visionpeninsular.com\/mid\/wp-content\/uploads\/2018\/01\/PRE-23-2-300x200.jpg 300w, https:\/\/visionpeninsular.com\/mid\/wp-content\/uploads\/2018\/01\/PRE-23-2-768x512.jpg 768w, https:\/\/visionpeninsular.com\/mid\/wp-content\/uploads\/2018\/01\/PRE-23-2-1024x683.jpg 1024w, https:\/\/visionpeninsular.com\/mid\/wp-content\/uploads\/2018\/01\/PRE-23-2.jpg 1280w\" sizes=\"(max-width: 300px) 100vw, 300px\" \/><\/a> <a href=\"http:\/\/visionpeninsular.com\/mid\/wp-content\/uploads\/2018\/01\/PRE-23-4.jpg\"><img loading=\"lazy\" class=\"alignnone size-medium wp-image-35808\" src=\"http:\/\/visionpeninsular.com\/mid\/wp-content\/uploads\/2018\/01\/PRE-23-4-300x200.jpg\" alt=\"\" width=\"300\" height=\"200\" srcset=\"https:\/\/visionpeninsular.com\/mid\/wp-content\/uploads\/2018\/01\/PRE-23-4-300x200.jpg 300w, https:\/\/visionpeninsular.com\/mid\/wp-content\/uploads\/2018\/01\/PRE-23-4-768x512.jpg 768w, https:\/\/visionpeninsular.com\/mid\/wp-content\/uploads\/2018\/01\/PRE-23-4-1024x683.jpg 1024w, https:\/\/visionpeninsular.com\/mid\/wp-content\/uploads\/2018\/01\/PRE-23-4.jpg 1280w\" sizes=\"(max-width: 300px) 100vw, 300px\" \/><\/a><\/p>\n<div class='share-to-whatsapp-wrapper'><div class='share-on-whsp'>Share on: <\/div><a data-text='\"Vivimos en un Estado Extraordinario\" Mauricio Vila' data-link='https:\/\/visionpeninsular.com\/mid\/vivimos-en-extraordinario-mauricio-vila\/' class='whatsapp-button whatsapp-share'>WhatsApp<\/a><div class='clear '><\/div><\/div>","protected":false},"excerpt":{"rendered":"<p>Juntos Yucat\u00e1n puede \u201cVivimos en un Estado extraordinario por su gente, su cultura, su gastronom\u00eda, su naturaleza; est\u00e1 en nuestras manos aprovechar todas las oportunidades para darle lo que merece. Los yucatecos no somos conformistas y trabajando juntos vamos a dar m\u00e1s a Yucat\u00e1n\u201d, afirm\u00f3 Mauricio Vila Dosal Por la ma\u00f1ana de este martes 30 &hellip;<\/p>\n","protected":false},"author":1,"featured_media":35809,"comment_status":"open","ping_status":"open","sticky":false,"template":"","format":"standard","meta":{"_mi_skip_tracking":false},"categories":[49],"tags":[1251,90,40,157,227],"_links":{"self":[{"href":"https:\/\/visionpeninsular.com\/mid\/wp-json\/wp\/v2\/posts\/35805"}],"collection":[{"href":"https:\/\/visionpeninsular.com\/mid\/wp-json\/wp\/v2\/posts"}],"about":[{"href":"https:\/\/visionpeninsular.com\/mid\/wp-json\/wp\/v2\/types\/post"}],"author":[{"embeddable":true,"href":"https:\/\/visionpeninsular.com\/mid\/wp-json\/wp\/v2\/users\/1"}],"replies":[{"embeddable":true,"href":"https:\/\/visionpeninsular.com\/mid\/wp-json\/wp\/v2\/comments?post=35805"}],"version-history":[{"count":1,"href":"https:\/\/visionpeninsular.com\/mid\/wp-json\/wp\/v2\/posts\/35805\/revisions"}],"predecessor-version":[{"id":35810,"href":"https:\/\/visionpeninsular.com\/mid\/wp-json\/wp\/v2\/posts\/35805\/revisions\/35810"}],"wp:featuredmedia":[{"embeddable":true,"href":"https:\/\/visionpeninsular.com\/mid\/wp-json\/wp\/v2\/media\/35809"}],"wp:attachment":[{"href":"https:\/\/visionpeninsular.com\/mid\/wp-json\/wp\/v2\/media?parent=35805"}],"wp:term":[{"taxonomy":"category","embeddable":true,"href":"https:\/\/visionpeninsular.com\/mid\/wp-json\/wp\/v2\/categories?post=35805"},{"taxonomy":"post_tag","embeddable":true,"href":"https:\/\/visionpeninsular.com\/mid\/wp-json\/wp\/v2\/tags?post=35805"}],"curies":[{"name":"wp","href":"https:\/\/api.w.org\/{rel}","templated":true}]}}