{"id":35776,"date":"2018-01-30T09:15:09","date_gmt":"2018-01-30T15:15:09","guid":{"rendered":"http:\/\/visionpeninsular.com\/mid\/?p=35776"},"modified":"2018-01-30T09:15:09","modified_gmt":"2018-01-30T15:15:09","slug":"mal-las-rieles-ocasiona-descarrilamiento-tren-carga","status":"publish","type":"post","link":"https:\/\/visionpeninsular.com\/mid\/mal-las-rieles-ocasiona-descarrilamiento-tren-carga\/","title":{"rendered":"Mal estado de las rieles ocasiona descarrilamiento de tren de Carga"},"content":{"rendered":"<h2>Tren de carga se sale de las v\u00edas del tren en pleno centro de M\u00e9rida<\/h2>\n<p>Tremendo caos v\u00edas se registr\u00f3 esta ma\u00f1ana en la Calle 50 cruce con la Av. Miguel Al\u00e9m\u00e1n; esto debido a que el tren de carga que suele pasar cada ma\u00f1ana por este rumbo se descarrill\u00f3 y ocasion\u00f3 que el tr\u00e1fico convulsionar\u00e1 en esta c\u00e9ntrica zona de M\u00e9rida.<\/p>\n<p>Los primeros reportes se\u00f1alan que uno de los dos vagones de carga del tren de dos locomotoras se sali\u00f3 de la v\u00eda y ocasion\u00f3 un incidente que no lleg\u00f3 a m\u00e1s que un caos v\u00edal y algunos tramos de la calle rotos.<\/p>\n<p>De manera extraoficial se dice, que el incidente fue causado por el mal estado que registran las v\u00edas lo que ocasion\u00f3 que alguna de ellas se rompiera, pues las primeras declaraciones de la empresa ferrocarrilera indican que el tren viajaba a m\u00ednima velocidad.<\/p>\n<p>Una locomotora desde Um\u00e1n fue enviada para remolcar los vagones descarrilados, declar\u00f3 el Maquinista del tren, Roger G\u00f3mez Chimal.<\/p>\n<p>El descarrilamiento fue atendido por la Polic\u00eda Estatal.<\/p>\n<div class='share-to-whatsapp-wrapper'><div class='share-on-whsp'>Share on: <\/div><a data-text='Mal estado de las rieles ocasiona descarrilamiento de tren de Carga' data-link='https:\/\/visionpeninsular.com\/mid\/mal-las-rieles-ocasiona-descarrilamiento-tren-carga\/' class='whatsapp-button whatsapp-share'>WhatsApp<\/a><div class='clear '><\/div><\/div>","protected":false},"excerpt":{"rendered":"<p>Tren de carga se sale de las v\u00edas del tren en pleno centro de M\u00e9rida Tremendo caos v\u00edas se registr\u00f3 esta ma\u00f1ana en la Calle 50 cruce con la Av. Miguel Al\u00e9m\u00e1n; esto debido a que el tren de carga que suele pasar cada ma\u00f1ana por este rumbo se descarrill\u00f3 y ocasion\u00f3 que el tr\u00e1fico &hellip;<\/p>\n","protected":false},"author":1,"featured_media":35777,"comment_status":"open","ping_status":"open","sticky":false,"template":"","format":"standard","meta":{"_mi_skip_tracking":false},"categories":[50],"tags":[1884,3009,9832],"_links":{"self":[{"href":"https:\/\/visionpeninsular.com\/mid\/wp-json\/wp\/v2\/posts\/35776"}],"collection":[{"href":"https:\/\/visionpeninsular.com\/mid\/wp-json\/wp\/v2\/posts"}],"about":[{"href":"https:\/\/visionpeninsular.com\/mid\/wp-json\/wp\/v2\/types\/post"}],"author":[{"embeddable":true,"href":"https:\/\/visionpeninsular.com\/mid\/wp-json\/wp\/v2\/users\/1"}],"replies":[{"embeddable":true,"href":"https:\/\/visionpeninsular.com\/mid\/wp-json\/wp\/v2\/comments?post=35776"}],"version-history":[{"count":1,"href":"https:\/\/visionpeninsular.com\/mid\/wp-json\/wp\/v2\/posts\/35776\/revisions"}],"predecessor-version":[{"id":35778,"href":"https:\/\/visionpeninsular.com\/mid\/wp-json\/wp\/v2\/posts\/35776\/revisions\/35778"}],"wp:featuredmedia":[{"embeddable":true,"href":"https:\/\/visionpeninsular.com\/mid\/wp-json\/wp\/v2\/media\/35777"}],"wp:attachment":[{"href":"https:\/\/visionpeninsular.com\/mid\/wp-json\/wp\/v2\/media?parent=35776"}],"wp:term":[{"taxonomy":"category","embeddable":true,"href":"https:\/\/visionpeninsular.com\/mid\/wp-json\/wp\/v2\/categories?post=35776"},{"taxonomy":"post_tag","embeddable":true,"href":"https:\/\/visionpeninsular.com\/mid\/wp-json\/wp\/v2\/tags?post=35776"}],"curies":[{"name":"wp","href":"https:\/\/api.w.org\/{rel}","templated":true}]}}