{"id":35760,"date":"2018-01-30T08:05:44","date_gmt":"2018-01-30T14:05:44","guid":{"rendered":"http:\/\/visionpeninsular.com\/mid\/?p=35760"},"modified":"2018-01-30T08:05:44","modified_gmt":"2018-01-30T14:05:44","slug":"participacion-social-quintana-roo-avanza-en-restablecimiento-del-tejido-social-carlos-joaquin","status":"publish","type":"post","link":"https:\/\/visionpeninsular.com\/mid\/participacion-social-quintana-roo-avanza-en-restablecimiento-del-tejido-social-carlos-joaquin\/","title":{"rendered":"Con participaci\u00f3n social Quintana Roo avanza en el restablecimiento del tejido social: Carlos Joaqu\u00edn"},"content":{"rendered":"<p>\u201cEsta es una muestra de que organizados, sumando esfuerzos, con una sociedad incluyente, la participaci\u00f3n ciudadana contribuye al desarrollo social, con m\u00e1s y mejores oportunidades para la gente\u201d, se\u00f1al\u00f3 hoy el gobernador Carlos Joaqu\u00edn durante la premiaci\u00f3n a Ciudadanos del A\u00f1o que realiz\u00f3 el Grupo Salinas.<\/p>\n<p>\u201cEn Quintana Roo reconocemos a la sociedad civil y al ciudadano como pilar de nuestra vida democr\u00e1tica e institucional. Son quienes nos brindan las condiciones y el ejemplo para un gobierno que trabaja para disminuir la desigualdad entre el norte y el sur, entre las ciudades urbanas y las rurales, entre hombres y mujeres, profundizadas por los gobiernos anteriores que en vez de servir a la gente beneficiaron a un grupo de privilegiado\u201d, a\u00f1adi\u00f3 el gobernador de Quintana Roo.<\/p>\n<p>Respecto a la participaci\u00f3n ciudadana, Mar\u00eda Jes\u00fas Oca\u00f1a Dorantes, presidenta de \u201cAC Proyecto Crisal\u201d, dijo: \u201cLa participaci\u00f3n ciudadana es cien por ciento necesaria para que podamos hablar de desarrollo social; hay que articular bien a la ciudadan\u00eda con el gobierno del estado para que los esfuerzos que se realicen juntos tengan los frutos inmediatos\u201d.<\/p>\n<p>\u201cLa participaci\u00f3n de la gente es b\u00e1sica para el desarrollo de nuestro gobierno, para mejorar nuestra situaci\u00f3n y sobre todo para que el adulto mayor sea tomado en cuenta\u201d, expres\u00f3 Mar\u00eda de los \u00c1ngeles Maga\u00f1a Benites, de \u201cFelicidad Comienza Asociaci\u00f3n\u201d que trabaja con los adultos mayores.<\/p>\n<p>Los Consejos Consultivos de Grupo Salinas de Quintana Roo reconocieron con la distinci\u00f3n \u201cCiudadano del a\u00f1o\u201d a personas que han destacado en los \u00e1mbitos social, de servicio p\u00fablico, acad\u00e9mico, deportivo y emprendedor. Entregaron los premios Ninfa Salinas presidenta de Consejos Consultivos de Grupo Salinas; Antonio Dom\u00ednguez, director de Consejos Consultivos; Tania Gonz\u00e1lez, coordinadora de nuevos proyectos de Grupo Salinas y Rebeca Uribe, directora regional de TV Azteca.<\/p>\n<p>Por Quintana Roo se reconoci\u00f3 la labor de Dafne Garc\u00eda Herrera, por su contribuci\u00f3n a mejorar la calidad de vida de ni\u00f1os con discapacidad; a Andy Guerrero S\u00e1nchez, de 15 a\u00f1os de edad y medallista en Juegos Parapanamericanos; y a Yusi Dzib Echeverr\u00eda, por su apoyo a ni\u00f1os que padecen leucemia.<\/p>\n<p>Por Yucat\u00e1n, a Mar\u00eda Oca\u00f1a, por ayudar a mujeres que han sufrido maltrato; a Rafael Pinto, por el apoyo que da a la senectud y a Mar\u00eda Luisa Soberanis, por ser la primera mujer polic\u00eda de Yucat\u00e1n que tiene a su cargo un equipo de trabajo.<\/p>\n<p>\u201cEn la construcci\u00f3n de una mejor sociedad es fundamental la participaci\u00f3n de las personas como queda hoy demostrado con ciudadanos premiados por su participaci\u00f3n social en bien de los que m\u00e1s necesitan; trabajando juntos, sociedad, gobierno y empresarios podemos restablecer el tejido social que tanto necesitamos\u201d, dijo el Gobernador Carlos Joaqu\u00edn.<\/p>\n<p>Asistieron al evento los empresarios Miguel Quintana Pali, Jos\u00e9 Chapur y Francisco C\u00f3rdoba.<\/p>\n<div class='share-to-whatsapp-wrapper'><div class='share-on-whsp'>Share on: <\/div><a data-text='Con participaci\u00f3n social Quintana Roo avanza en el restablecimiento del tejido social: Carlos Joaqu\u00edn' data-link='https:\/\/visionpeninsular.com\/mid\/participacion-social-quintana-roo-avanza-en-restablecimiento-del-tejido-social-carlos-joaquin\/' class='whatsapp-button whatsapp-share'>WhatsApp<\/a><div class='clear '><\/div><\/div>","protected":false},"excerpt":{"rendered":"<p>\u201cEsta es una muestra de que organizados, sumando esfuerzos, con una sociedad incluyente, la participaci\u00f3n ciudadana contribuye al desarrollo social, con m\u00e1s y mejores oportunidades para la gente\u201d, se\u00f1al\u00f3 hoy el gobernador Carlos Joaqu\u00edn durante la premiaci\u00f3n a Ciudadanos del A\u00f1o que realiz\u00f3 el Grupo Salinas. \u201cEn Quintana Roo reconocemos a la sociedad civil y &hellip;<\/p>\n","protected":false},"author":1,"featured_media":35763,"comment_status":"open","ping_status":"open","sticky":false,"template":"","format":"standard","meta":{"_mi_skip_tracking":false},"categories":[47],"tags":[9830],"_links":{"self":[{"href":"https:\/\/visionpeninsular.com\/mid\/wp-json\/wp\/v2\/posts\/35760"}],"collection":[{"href":"https:\/\/visionpeninsular.com\/mid\/wp-json\/wp\/v2\/posts"}],"about":[{"href":"https:\/\/visionpeninsular.com\/mid\/wp-json\/wp\/v2\/types\/post"}],"author":[{"embeddable":true,"href":"https:\/\/visionpeninsular.com\/mid\/wp-json\/wp\/v2\/users\/1"}],"replies":[{"embeddable":true,"href":"https:\/\/visionpeninsular.com\/mid\/wp-json\/wp\/v2\/comments?post=35760"}],"version-history":[{"count":1,"href":"https:\/\/visionpeninsular.com\/mid\/wp-json\/wp\/v2\/posts\/35760\/revisions"}],"predecessor-version":[{"id":35764,"href":"https:\/\/visionpeninsular.com\/mid\/wp-json\/wp\/v2\/posts\/35760\/revisions\/35764"}],"wp:featuredmedia":[{"embeddable":true,"href":"https:\/\/visionpeninsular.com\/mid\/wp-json\/wp\/v2\/media\/35763"}],"wp:attachment":[{"href":"https:\/\/visionpeninsular.com\/mid\/wp-json\/wp\/v2\/media?parent=35760"}],"wp:term":[{"taxonomy":"category","embeddable":true,"href":"https:\/\/visionpeninsular.com\/mid\/wp-json\/wp\/v2\/categories?post=35760"},{"taxonomy":"post_tag","embeddable":true,"href":"https:\/\/visionpeninsular.com\/mid\/wp-json\/wp\/v2\/tags?post=35760"}],"curies":[{"name":"wp","href":"https:\/\/api.w.org\/{rel}","templated":true}]}}