{"id":35602,"date":"2018-01-24T11:00:42","date_gmt":"2018-01-24T17:00:42","guid":{"rendered":"http:\/\/visionpeninsular.com\/mid\/?p=35602"},"modified":"2018-01-24T11:00:42","modified_gmt":"2018-01-24T17:00:42","slug":"imef-yucatan-2018-ano-retos-progreso-economico","status":"publish","type":"post","link":"https:\/\/visionpeninsular.com\/mid\/imef-yucatan-2018-ano-retos-progreso-economico\/","title":{"rendered":"IMEF Yucat\u00e1n:  2018, a\u00f1o de retos para el progreso econ\u00f3mico"},"content":{"rendered":"<p>Durante la toma de protesta del Consejo Directivo 2018 del Instituto Mexicano de Ejecutivos de Finanzas (IMEF) Yucat\u00e1n, el titular de la \u00a0Secretar\u00eda de Planeaci\u00f3n y Evaluaci\u00f3n (SEPLAN),Guillermo Cort\u00e9s Gonz\u00e1lez, \u00a0manifest\u00f3 que 2018 no es un a\u00f1o de inercias, sino de afrontar los retos para que Yucat\u00e1n marche por el sendero del crecimiento, por eso el Gobierno del Estado sigue emprendiendo m\u00e1s acciones que se suman a las ya realizadas para mantener y mejorar los indicadores positivos que marcan la ruta a seguir, \u00a0que la meta es continuar la bonanza econ\u00f3mica de manera sostenida, para que las familias sigan gozando de calidad de vida.<\/p>\n<p>\u201cEsto no es producto de la casualidad, es un conjunto de esfuerzos entre la sociedad, la iniciativa privada que est\u00e1 invirtiendo, los ciudadanos y las pol\u00edticas p\u00fablicas del Gobierno, seguir por ese sendero de crecimiento debe ser la prioridad\u201d.<\/p>\n<p>En el acto protocolario, el presidente nacional del IMEF, Fernando L\u00f3pez Macari, le tom\u00f3 protesta al nuevo titular de dicho \u00f3rgano en la entidad, Francisco Jos\u00e9 \u00c1lvarez Cuevas, quien se queda en sustituci\u00f3n de Amenoffis Acosta R\u00edos.<\/p>\n<p>Cort\u00e9s Gonz\u00e1lez record\u00f3 que la Auditor\u00eda Superior de la Federaci\u00f3n (ASF) coloca a Yucat\u00e1n en el primer lugar con el mejor sistema de evaluaci\u00f3n del desempe\u00f1o del gasto federal, por ejercer los recursos p\u00fablicos de forma eficiente, transparente y conforme a la normatividad, as\u00ed como dar resultados; \u00a0ante nutrido grupo de asistentes, reiter\u00f3 la disposici\u00f3n de seguir trabajando por la ruta que ha permitido alcanzar logros significativos, recordando que cuando inici\u00f3 la actual administraci\u00f3n, Yucat\u00e1n ocupaba el lugar n\u00famero 30 en el ingreso promedio del salario formal que registra el Instituto Mexicano de Seguro Social (IMSS) a nivel nacional y en la actualidad est\u00e1 en el sitio 18.<\/p>\n<p>\u201cDentro del andamiaje del sistema estatal anticorrupci\u00f3n, no es menor que en Yucat\u00e1n se haya logrado conformar todas las instituciones que requiere y est\u00e1 a punto ya de funcionar, cuya parte principal es el comit\u00e9 ciudadano, y aqu\u00ed est\u00e1 la participaci\u00f3n del IMEF y de la sociedad civil, porque no son muchos los estados que lo han logrado, estamos en la ruta correcta\u201d, apunt\u00f3.<\/p>\n<p>Luego de que L\u00f3pez Macari otorgara un reconocimiento al presidente saliente y le entregara el Dec\u00e1logo IMEF al entrante, extern\u00f3 satisfacci\u00f3n \u00a0porque esta organizaci\u00f3n, que aglutina a m\u00e1s de mil 600 socios, est\u00e9 creciendo en la entidad, explicando que esta instancia se suma al trabajo que realizan \u00f3rganos privados y p\u00fablicos para promover el desarrollo y generar una dinamizaci\u00f3n en la econom\u00eda.<\/p>\n<p>Por \u00faltimo, en el acto efectuado en un hotel de la ciudad, \u00c1lvarez Cuevas expres\u00f3 su disposici\u00f3n de aportar al estado en materia de transparencia y la lucha contra la corrupci\u00f3n, y se\u00f1al\u00f3 que \u00e9sta no existe \u00fanicamente en las instituciones gubernamentales, sino que empiezan desde el ciudadano al estar dispuesto a hacer pagos indebidos.<\/p>\n<p>&nbsp;<\/p>\n<div class='share-to-whatsapp-wrapper'><div class='share-on-whsp'>Share on: <\/div><a data-text='IMEF Yucat\u00e1n:  2018, a\u00f1o de retos para el progreso econ\u00f3mico' data-link='https:\/\/visionpeninsular.com\/mid\/imef-yucatan-2018-ano-retos-progreso-economico\/' class='whatsapp-button whatsapp-share'>WhatsApp<\/a><div class='clear '><\/div><\/div>","protected":false},"excerpt":{"rendered":"<p>Durante la toma de protesta del Consejo Directivo 2018 del Instituto Mexicano de Ejecutivos de Finanzas (IMEF) Yucat\u00e1n, el titular de la \u00a0Secretar\u00eda de Planeaci\u00f3n y Evaluaci\u00f3n (SEPLAN),Guillermo Cort\u00e9s Gonz\u00e1lez, \u00a0manifest\u00f3 que 2018 no es un a\u00f1o de inercias, sino de afrontar los retos para que Yucat\u00e1n marche por el sendero del crecimiento, por eso &hellip;<\/p>\n","protected":false},"author":5,"featured_media":35603,"comment_status":"open","ping_status":"open","sticky":false,"template":"","format":"standard","meta":{"_mi_skip_tracking":false},"categories":[50,37],"tags":[9793,558,115,5021,7225],"_links":{"self":[{"href":"https:\/\/visionpeninsular.com\/mid\/wp-json\/wp\/v2\/posts\/35602"}],"collection":[{"href":"https:\/\/visionpeninsular.com\/mid\/wp-json\/wp\/v2\/posts"}],"about":[{"href":"https:\/\/visionpeninsular.com\/mid\/wp-json\/wp\/v2\/types\/post"}],"author":[{"embeddable":true,"href":"https:\/\/visionpeninsular.com\/mid\/wp-json\/wp\/v2\/users\/5"}],"replies":[{"embeddable":true,"href":"https:\/\/visionpeninsular.com\/mid\/wp-json\/wp\/v2\/comments?post=35602"}],"version-history":[{"count":1,"href":"https:\/\/visionpeninsular.com\/mid\/wp-json\/wp\/v2\/posts\/35602\/revisions"}],"predecessor-version":[{"id":35604,"href":"https:\/\/visionpeninsular.com\/mid\/wp-json\/wp\/v2\/posts\/35602\/revisions\/35604"}],"wp:featuredmedia":[{"embeddable":true,"href":"https:\/\/visionpeninsular.com\/mid\/wp-json\/wp\/v2\/media\/35603"}],"wp:attachment":[{"href":"https:\/\/visionpeninsular.com\/mid\/wp-json\/wp\/v2\/media?parent=35602"}],"wp:term":[{"taxonomy":"category","embeddable":true,"href":"https:\/\/visionpeninsular.com\/mid\/wp-json\/wp\/v2\/categories?post=35602"},{"taxonomy":"post_tag","embeddable":true,"href":"https:\/\/visionpeninsular.com\/mid\/wp-json\/wp\/v2\/tags?post=35602"}],"curies":[{"name":"wp","href":"https:\/\/api.w.org\/{rel}","templated":true}]}}