{"id":35318,"date":"2018-01-17T10:23:08","date_gmt":"2018-01-17T16:23:08","guid":{"rendered":"http:\/\/visionpeninsular.com\/mid\/?p=35318"},"modified":"2018-01-17T10:23:08","modified_gmt":"2018-01-17T16:23:08","slug":"anunciaron-las-i-jornadas-interuniversitarias-periodismo-en-yucatan","status":"publish","type":"post","link":"https:\/\/visionpeninsular.com\/mid\/anunciaron-las-i-jornadas-interuniversitarias-periodismo-en-yucatan\/","title":{"rendered":"Anunciaron las I Jornadas Interuniversitarias sobre el Periodismo en Yucat\u00e1n."},"content":{"rendered":"<p>MERIDA, YUCATAN.- Por primera vez, cinco Universidades p\u00fablicas y privadas de esta ciudad se han organizado\u00a0 para ofrecer en forma conjunta y gratuita las jornadas sobre \u201cEl Periodismo en Yucat\u00e1n\u201d, que abarcar\u00e1n desde los m\u00e1rgenes del movimiento independentista en el Estado, hasta la digitalizaci\u00f3n, el futuro y la influencia de las redes sociales en los medios de comunicaci\u00f3n y sus respectivos lectores y audiencias.<\/p>\n<p>Las \u201cPrimeras Jornadas Interuniversitarias\u201d, a celebrarse del 22 al 25 del presente mes, conjuntar\u00e1n a las Universidades Aut\u00f3noma de Yucat\u00e1n, Modelo, An\u00e1huac Mayab, Marista y Mesoamericana de San Agust\u00edn, las cuales albergar\u00e1n sendas mesas panel de especialistas en el tema.<\/p>\n<p>La inauguraci\u00f3n se efectuar\u00e1 el lunes 22 de enero a las 9 de la ma\u00f1ana en el edificio de la Facultad de Ciencias Antropol\u00f3gicas de la UADY, del Campus de Ciencias Sociales, Econ\u00f3mico Administrativas y Humanidades, ubicado en el kil\u00f3metro 1 de la carretera M\u00e9rida-Motul, con el corte del list\u00f3n de \u201cHojas y tintas\u201d, una exposici\u00f3n de antiguas portadas de peri\u00f3dicos que datan del Siglo XVII, que dar\u00e1 paso a la primera mesa pa\u00a0 nel sobre la \u201cHistoria del periodismo en Yucat\u00e1n\u201d, donde se abordar\u00e1 el movimiento independentista, el periodismo en la Guerra de Castas y el periodismo literario del Siglo XIX.<\/p>\n<p>Para cada mesa panel se seleccion\u00f3 a especialistas en el tema: autores de libros de historia sobre periodismo, capitanes de empresas y representantes del sector privado, que platicar\u00e1n de su experiencia en la utilizaci\u00f3n de los medios de comunicaci\u00f3n, su influencia en el mercado econ\u00f3mico-social de ayer, hoy y ma\u00f1ana; as\u00ed como estudiosos, investigadores y operadores de redes sociales.<\/p>\n<p>Estas \u201cI Jornadas Interuniversitarias\u201d tambi\u00e9n incluyen a analistas, acad\u00e9micos y especialistas que han incursionado en esa dualidad poco com\u00fan de ser pol\u00edticos y comunicadores, lo que nos permitir\u00e1 conocer cu\u00e1l es su percepci\u00f3n sobre la actividad de los medios con respecto a su trabajo.<\/p>\n<p>En resumen, el calendario de actividades es el siguiente:<\/p>\n<p>Lunes 22, lugar: Auditorio principal de la Facultad de Ciencias Antropol\u00f3gicas, Campus de Ciencias Sociales, Econ\u00f3mico Administrativas y Humanidades de la UADY.<\/p>\n<p>9:00 horas &#8211; Exposici\u00f3n \u201cHojas y Tintas\u201d, pasillo de la Facultad de Ciencias Antropol\u00f3gicas.<\/p>\n<p>9:15 horas &#8211; Inauguraci\u00f3n de las Jornadas a cargo del Dr. Jos\u00e9 de Jes\u00fas Williams, Rector de la Universidad Aut\u00f3noma de Yucat\u00e1n.<\/p>\n<p>9:45 horas\u00a0 &#8211; Mesa panel \u201cHistoria del Periodismo en Yucat\u00e1n\u201d. Temas: Maestro Jorge Manzanilla Guti\u00e9rrez, \u201cEl periodismo yucateco en los m\u00e1rgenes del movimiento independentista\u201d; Doctora Roc\u00edo Cort\u00e9s Campos, \u201cEl periodismo en la Guerra de Castas: civilizaci\u00f3n y barbarie\u201d y Doctora Celia Rosado Avil\u00e9s, \u201cEl periodismo literario del Siglo XIX: letras que construyen identidad\u201d.<\/p>\n<p>Martes 23, lugar: Universidad Mesoamericana de San Agust\u00edn, Aula Magna \u201cJorge Sauma Novelo\u201d<\/p>\n<p>9:30 horas &#8211; Recepci\u00f3n de invitados.<\/p>\n<p>9:45 horas &#8211; Proyecci\u00f3n Imagen UMSA.<\/p>\n<p>10:00 horas &#8211; Presentaci\u00f3n de invitados y autoridades.<\/p>\n<p>10:10 horas &#8211; Mesa panel \u201cVisi\u00f3n del sector privado sobre los medios de comunicaci\u00f3n: Eficacia y eficiencia de ayer y hoy en publicidad\u201d, ponentes: Gustavo Cisneros Buenfil, Presidente de la Confederaci\u00f3n Patronal de la Rep\u00fablica Mexicana (COPARMEX) M\u00e9rida; Amenoffis Acosta R\u00edos, Presidente en Yucat\u00e1n del Instituto Mexicano de Ejecutivos de Finanzas (IMEF); y Carlos Campos Achach, Presidente del Consejo Coordinador Empresarial de Yucat\u00e1n (CCEY) y de la delegaci\u00f3n Yucat\u00e1n de la C\u00e1mara Nacional de la Industria Restaurantera y Alimentos Condimentados (CANAIRAC)..<\/p>\n<p>Mi\u00e9rcoles 24, lugar: Universidad An\u00e1huac Mayab, sala de conferencias.<\/p>\n<p>9:30 horas -Bienvenida e inauguraci\u00f3n.<\/p>\n<p>Conferencia magistral \u201cLos retos del periodismo digital\u201d, a cargo de Daniel Moreno,\u00a0 director de \u201cAnimal Pol\u00edtico\u201d; posteriormente la Universidad le entregar\u00e1 un reconocimiento por su trayectoria.<\/p>\n<p>12:00 horas -Mesa panel \u201cEl periodismo digital\u201d, a cargo de Jorge Iglesias Bermudez, Director de Radio Formula Yucat\u00e1n y los periodistas Mar\u00eda del Carmen Garay Hern\u00e1ndez y Jos\u00e9 Palacio Tepate.<\/p>\n<p>Jueves 25, lugar: Universidad Modelo, Escuela de Humanidades.<\/p>\n<p>9:00 horas -Exposici\u00f3n \u201cEl periodismo en Yucat\u00e1n: un recorrido gr\u00e1fico a trav\u00e9s del tiempo\u201d; inauguraci\u00f3n a cargo del Rector Ing. Carlos Sauri Duch y del Director de la Escuela de Humanidades, Dr. Luis Jorge Urzaiz Duch.<\/p>\n<p>9:30 horas &#8211; Mesa panel \u201cPeriodismo y Medios Sociales Digitales: Retos y posibilidades&#8221;. Temas: \u201cCultura de Convergencia en Medios Sociales Digitales\u201d, Ester Garc\u00eda Chabl\u00e9; \u201cPeriodismo ciudadano en redes sociales y nuevas formas de producci\u00f3n de contenidos\u201d, Fernando Rojas S\u00e1nchez, de Creativos Pr\u00e1cticos y \u201cEtica y medios sociales digitales\u201d, Mar\u00eda de Lourdes P\u00e9rez Cruz.<\/p>\n<p>11:00 horas \u2013 Receso.<\/p>\n<p>11:30 horas &#8211; Charla \u201cIdentidad, privacidad y delitos cibern\u00e9ticos en Medios Sociales Digitales\u201d, Unidad Especializada en Delitos Cibern\u00e9ticos de la Fiscal\u00eda General del Estado (FGE).<\/p>\n<p>Jueves 25, lugar: Universidad Marista, Sal\u00f3n \u201cDoctor Jorge Mu\u00f1oz Rubio\u201d<\/p>\n<p>17:00 horas \u2013Bienvenida.<\/p>\n<p>17:15 horas &#8211; Mesa de Comunicadores \u201cLos pol\u00edticos en los medios de comunicaci\u00f3n\u201d; participantes: Dra. Dulce Mar\u00eda Sauri\u00a0 Riancho, Dr. Uuckib Espadas Ancona y Luis Correa Mena.<\/p>\n<p>Clausura de las Jornadas<\/p>\n<p>En la rueda de prensa efectuada en la Sala del Consejo Universitario de la UADY participaron el veterano periodista Manuel Triay Peniche, quien este a\u00f1o festeja medio siglo de actividad profesional; Marisol Tello Rodr\u00edguez, representante de la An\u00e1huac Mayab; Diana Castillo Escalante, de la Modelo; Xavier Burgos Mart\u00edn, de la UMSA,\u00a0 Ra\u00fal Diego Rivero, de la Marista y Ren\u00e1n Sol\u00eds S\u00e1nchez, de la UADY.<\/p>\n<p>&nbsp;<\/p>\n<div class='share-to-whatsapp-wrapper'><div class='share-on-whsp'>Share on: <\/div><a data-text='Anunciaron las I Jornadas Interuniversitarias sobre el Periodismo en Yucat\u00e1n.' data-link='https:\/\/visionpeninsular.com\/mid\/anunciaron-las-i-jornadas-interuniversitarias-periodismo-en-yucatan\/' class='whatsapp-button whatsapp-share'>WhatsApp<\/a><div class='clear '><\/div><\/div>","protected":false},"excerpt":{"rendered":"<p>MERIDA, YUCATAN.- Por primera vez, cinco Universidades p\u00fablicas y privadas de esta ciudad se han organizado\u00a0 para ofrecer en forma conjunta y gratuita las jornadas sobre \u201cEl Periodismo en Yucat\u00e1n\u201d, que abarcar\u00e1n desde los m\u00e1rgenes del movimiento independentista en el Estado, hasta la digitalizaci\u00f3n, el futuro y la influencia de las redes sociales en los &hellip;<\/p>\n","protected":false},"author":5,"featured_media":35319,"comment_status":"open","ping_status":"open","sticky":false,"template":"","format":"standard","meta":{"_mi_skip_tracking":false},"categories":[49,37],"tags":[9710,5164,1042,9711,8763],"_links":{"self":[{"href":"https:\/\/visionpeninsular.com\/mid\/wp-json\/wp\/v2\/posts\/35318"}],"collection":[{"href":"https:\/\/visionpeninsular.com\/mid\/wp-json\/wp\/v2\/posts"}],"about":[{"href":"https:\/\/visionpeninsular.com\/mid\/wp-json\/wp\/v2\/types\/post"}],"author":[{"embeddable":true,"href":"https:\/\/visionpeninsular.com\/mid\/wp-json\/wp\/v2\/users\/5"}],"replies":[{"embeddable":true,"href":"https:\/\/visionpeninsular.com\/mid\/wp-json\/wp\/v2\/comments?post=35318"}],"version-history":[{"count":1,"href":"https:\/\/visionpeninsular.com\/mid\/wp-json\/wp\/v2\/posts\/35318\/revisions"}],"predecessor-version":[{"id":35320,"href":"https:\/\/visionpeninsular.com\/mid\/wp-json\/wp\/v2\/posts\/35318\/revisions\/35320"}],"wp:featuredmedia":[{"embeddable":true,"href":"https:\/\/visionpeninsular.com\/mid\/wp-json\/wp\/v2\/media\/35319"}],"wp:attachment":[{"href":"https:\/\/visionpeninsular.com\/mid\/wp-json\/wp\/v2\/media?parent=35318"}],"wp:term":[{"taxonomy":"category","embeddable":true,"href":"https:\/\/visionpeninsular.com\/mid\/wp-json\/wp\/v2\/categories?post=35318"},{"taxonomy":"post_tag","embeddable":true,"href":"https:\/\/visionpeninsular.com\/mid\/wp-json\/wp\/v2\/tags?post=35318"}],"curies":[{"name":"wp","href":"https:\/\/api.w.org\/{rel}","templated":true}]}}