{"id":3503,"date":"2016-05-13T08:48:13","date_gmt":"2016-05-13T13:48:13","guid":{"rendered":"http:\/\/visionpeninsular.com\/mid\/?p=3503"},"modified":"2016-05-13T08:48:13","modified_gmt":"2016-05-13T13:48:13","slug":"ayuntamiento-de-uman-inaugura-infraestructura-en-escuelas-del-municipio","status":"publish","type":"post","link":"https:\/\/visionpeninsular.com\/mid\/ayuntamiento-de-uman-inaugura-infraestructura-en-escuelas-del-municipio\/","title":{"rendered":"Ayuntamiento de Um\u00e1n inaugura infraestructura en Escuelas del Municipio"},"content":{"rendered":"<p>-Alumnos de las escuelas primarias \u201cRub\u00e9n Dar\u00edo Herrera\u201d y \u201cJos\u00e9 Enrique Ruiz Carrillo\u201d en los turnos matutino y vespertino respectivamente podr\u00e1n realizar sus actividades sin la molestia del sol<\/p>\n<p>En las instalaciones de las escuelas primarias \u201cRub\u00e9n Dar\u00edo Herrera\u201d y \u201cJos\u00e9 Enrique Ruiz Carrillo\u201d en los turnos matutino y vespertino respectivamente, el Presidente Municipal Freddy Ruz Guzm\u00e1n junto a padres de familia, maestros y alumnos de los institutos educativos cort\u00f3 el list\u00f3n inaugural de la infraestructura de techumbre de la plaza c\u00edvica del centro escolar, donde se invirtieron 887,284.15 pesos provenientes del fondo de aportaciones para la infraestructura social municipal del ramo 33.<\/p>\n<p>Durante su mensaje, el primer edil dijo que el fortalecimiento de la infraestructura en ese plantel educativo viene a resolver uno de los problemas m\u00e1s sentidos que aquejaba a los alumnos y personal docente, \u201ccon el techado ya no se van a mojar ni realizaran sus actividades expuestos al sol\u201d, indic\u00f3.<\/p>\n<p>Tambi\u00e9n exhort\u00f3 a los alumnos a que se esfuercen d\u00eda a d\u00eda para ser mejores estudiantes, que respeten su entorno y cuiden su escuela y se ocupen en obtener buenas calificaciones; a los padres de familia pidi\u00f3 que prediquen con el ejemplo y fomenten los valores en sus hijos para que el d\u00eda de ma\u00f1ana sean gente de bien y que denuncien a las personas que quieran corromper su inocencia.<\/p>\n<p>Para finalizar, mencion\u00f3 que la educaci\u00f3n es uno de los temas m\u00e1s importantes de su gobierno, expuso que desde el inicio su administraci\u00f3n ha impulsado obras y acciones para fortalecer a las escuelas del municipio y lograr que nuestros ni\u00f1os y j\u00f3venes tengan lugares adecuados que permita su buen aprendizaje.<\/p>\n<p>A nombre de la comunidad estudiantil hablo la ni\u00f1a Nancy Quijano Moreno, quien gradeci\u00f3 al alcalde por haber realizado la obra de techado, ya que ser\u00e1 de mucha utilidad al momento de realizar sus actividades deportivas y culturales.<\/p>\n<p>Por su parte la directora del turno matutino, Mtra. Ana Rosa Esper\u00f3n C\u00e1mara reconoci\u00f3 la gran labor del alcalde al cumplir con su palabra, \u201capenas el 21 de marzo estuvo aqu\u00ed para hacer este compromiso con todos nosotros y hoy ya es una realidad, vemos que el presidente municipal est\u00e1 atendiendo las necesidades de la sociedad, adem\u00e1s con esta obra se beneficiar\u00e1 a muchos ni\u00f1os \u201d, remat\u00f3.<\/p>\n<p>La inauguraci\u00f3n del techado dio inicio poco despu\u00e9s de las 8 de la ma\u00f1ana.<\/p>\n<p>Estuvieron presentes tambi\u00e9n los regidores Ana Catalina Sosa Nah, Mar\u00eda Guillermina Pech Rodr\u00edguez, Silvia Margely Mena Montero, Bruno Xool Vega, Wilberth Adri\u00e1n Ortiz Gamboa, Christian Novelo Gonz\u00e1lez, Manuel V\u00e1zquez Cauich y Eddie Gaspar Moo Medina.<\/p>\n<div class='share-to-whatsapp-wrapper'><div class='share-on-whsp'>Share on: <\/div><a data-text='Ayuntamiento de Um\u00e1n inaugura infraestructura en Escuelas del Municipio' data-link='https:\/\/visionpeninsular.com\/mid\/ayuntamiento-de-uman-inaugura-infraestructura-en-escuelas-del-municipio\/' class='whatsapp-button whatsapp-share'>WhatsApp<\/a><div class='clear '><\/div><\/div>","protected":false},"excerpt":{"rendered":"<p>-Alumnos de las escuelas primarias \u201cRub\u00e9n Dar\u00edo Herrera\u201d y \u201cJos\u00e9 Enrique Ruiz Carrillo\u201d en los turnos matutino y vespertino respectivamente podr\u00e1n realizar sus actividades sin la molestia del sol En las instalaciones de las escuelas primarias \u201cRub\u00e9n Dar\u00edo Herrera\u201d y \u201cJos\u00e9 Enrique Ruiz Carrillo\u201d en los turnos matutino y vespertino respectivamente, el Presidente Municipal Freddy &hellip;<\/p>\n","protected":false},"author":1,"featured_media":3504,"comment_status":"open","ping_status":"open","sticky":false,"template":"","format":"standard","meta":{"_mi_skip_tracking":false},"categories":[50],"tags":[583],"_links":{"self":[{"href":"https:\/\/visionpeninsular.com\/mid\/wp-json\/wp\/v2\/posts\/3503"}],"collection":[{"href":"https:\/\/visionpeninsular.com\/mid\/wp-json\/wp\/v2\/posts"}],"about":[{"href":"https:\/\/visionpeninsular.com\/mid\/wp-json\/wp\/v2\/types\/post"}],"author":[{"embeddable":true,"href":"https:\/\/visionpeninsular.com\/mid\/wp-json\/wp\/v2\/users\/1"}],"replies":[{"embeddable":true,"href":"https:\/\/visionpeninsular.com\/mid\/wp-json\/wp\/v2\/comments?post=3503"}],"version-history":[{"count":1,"href":"https:\/\/visionpeninsular.com\/mid\/wp-json\/wp\/v2\/posts\/3503\/revisions"}],"predecessor-version":[{"id":3505,"href":"https:\/\/visionpeninsular.com\/mid\/wp-json\/wp\/v2\/posts\/3503\/revisions\/3505"}],"wp:featuredmedia":[{"embeddable":true,"href":"https:\/\/visionpeninsular.com\/mid\/wp-json\/wp\/v2\/media\/3504"}],"wp:attachment":[{"href":"https:\/\/visionpeninsular.com\/mid\/wp-json\/wp\/v2\/media?parent=3503"}],"wp:term":[{"taxonomy":"category","embeddable":true,"href":"https:\/\/visionpeninsular.com\/mid\/wp-json\/wp\/v2\/categories?post=3503"},{"taxonomy":"post_tag","embeddable":true,"href":"https:\/\/visionpeninsular.com\/mid\/wp-json\/wp\/v2\/tags?post=3503"}],"curies":[{"name":"wp","href":"https:\/\/api.w.org\/{rel}","templated":true}]}}