{"id":34337,"date":"2017-12-19T10:54:03","date_gmt":"2017-12-19T16:54:03","guid":{"rendered":"http:\/\/visionpeninsular.com\/mid\/?p=34337"},"modified":"2017-12-19T10:54:03","modified_gmt":"2017-12-19T16:54:03","slug":"alcalde-mauricio-vila-da-a-conocer-programa-del-merida-fest-2018","status":"publish","type":"post","link":"https:\/\/visionpeninsular.com\/mid\/alcalde-mauricio-vila-da-a-conocer-programa-del-merida-fest-2018\/","title":{"rendered":"El alcalde Mauricio Vila da a conocer el programa del M\u00e9rida Fest 2018"},"content":{"rendered":"<p><em>M\u00e9rida cierra 2017 convertida en una ciudad m\u00e1s amable, incluyente y solidaria gracias a sus actividades culturales<\/em><\/p>\n<p>M\u00e9rida cierra el a\u00f1o 2017 convertida en una ciudad m\u00e1s amable, incluyente y solidaria y esto es en gran parte resultado de las pol\u00edticas culturales con el sello de inclusi\u00f3n y gobernanza que puso en marcha el Ayuntamiento, afirm\u00f3 el alcalde Mauricio Vila Dosal, en el marco de la presentaci\u00f3n del programa M\u00e9rida Fest 2018, que se celebrar\u00e1 del 4 al 21 de enero, al cumplir la ciudad 476 a\u00f1os de su fundaci\u00f3n.<\/p>\n<p>El alcalde destac\u00f3 que M\u00e9rida cierra un a\u00f1o en el que se convirti\u00f3 en la \u00fanica ciudad del mundo en recibir por segunda vez la distinci\u00f3n de Capital Americana de la Cultura y en ese marco fueron 1.200,000 personas las que disfrutaron los 12,200 eventos realizados en 2017.<\/p>\n<p>Ante el \u00e9xito obtenido de la r\u00e9plica de la Capilla Sixtina, inform\u00f3 que la exhibici\u00f3n se mantendr\u00e1 hasta el 7 de enero de 2018.<\/p>\n<p>Agreg\u00f3 que uno de los platos fuertes del programa de M\u00e9rida Fest es el programa ser\u00e1 el Festival de las Luces (Filux) del 4 al 7 de enero y tendr\u00e1 22 puntos de interacci\u00f3n con el p\u00fablico, partiendo de la Plaza Grande sobre la calle 60 hasta el Paseo de Montejo.<\/p>\n<p>\u2014En esta ocasi\u00f3n el Filux traer\u00e1 una propuesta innovadora de luces, mapping, instalaciones, arquitectura y m\u00fasica \u2014puntualiz\u00f3.<\/p>\n<p>El alcalde puntualiz\u00f3 que La Noche Blanca, el M\u00e9rida Fest, la temporada Olimpo Cultura y el Filux han contribuido a seguir impulsando artistas locales y estimular la formaci\u00f3n de p\u00fablico en el marco de la Agenda 21 de la Cultura y la Carta de los Derechos Culturales de la ciudad de M\u00e9rida.<\/p>\n<p>Por su parte, el director de Filux, David Di Bona, record\u00f3 que ese festival se realiza en coordinaci\u00f3n de la sociedad civil, empresas y Ayuntamiento, con la participaci\u00f3n de creadores locales y de otros lugares del mundo.<\/p>\n<p>Agradeci\u00f3 el trabajo municipal que hizo posible la llegada de Filux a M\u00e9rida y exhort\u00f3 a los asistentes a buscar mayores detalles a trav\u00e9s de la p\u00e1gina del Ayuntamiento:\u00a0 merida.gob.mx \u00a0y la del Filux www.filux.info.<\/p>\n<p>El alcalde de M\u00e9rida, Asever\u00f3 que este a\u00f1o la cultura ha sido fundamental para seguir posicionando a M\u00e9rida en el \u00e1mbito tur\u00edstico y muestra de ello es el aumento de 16% en la llegada de visitantes. Se estima, continu\u00f3, que M\u00e9rida cerrar\u00e1 2017 con m\u00e1s de un mill\u00f3n 400,000 visitantes, lo que lo convierte en el mejor a\u00f1o en materia de turismo en la historia de la ciudad.<\/p>\n<p>Mauricio Vila record\u00f3 que en el marco de la capitalidad cultural el Ayuntamiento ampli\u00f3 los apoyos a la comunidad art\u00edstica para estimular la creaci\u00f3n, como lo fue el establecimiento del Fondo M\u00e9rida 2017 para la Cultura y el Desarrollo con un fondo de 3 millones para apoyar 21 proyectos locales, para impulsar el talento local.<\/p>\n<p>Adem\u00e1s, se increment\u00f3 la aportaci\u00f3n de los Fondos Municipales de Apoyo a las Artes Esc\u00e9nicas y de las Artes visuales, que pasaron de $3.5 millones en 2016 a $4 millones en 2017 m\u00e1s otros cuatro millones para ejercer en 2018 en proyectos que ganaron las convocatorias de M\u00e9rida Capital Americana de la Cultura.<\/p>\n<p>Como resultado se entregaron recursos a 51 proyectos que benefician a 396 creadores, quienes de manera individual o colectiva est\u00e1n realizando alrededor de 450 presentaciones en la programaci\u00f3n cultural de este a\u00f1o.<\/p>\n<p>Vila Dosal subray\u00f3 que a lo anterior se suman los apoyos que el programa Micromer ya brinda a empresas culturales, que pueden recibir cr\u00e9ditos de hasta 100,000 para ampliar o mejorar los servicios que prestan.<\/p>\n<p>Detall\u00f3 que ser\u00e1n alrededor de 150 eventos, a cargo de 600 creadores con 21 proyectos seleccionados de la convocatoria respectiva donde destaca el talento local y el de los artistas invitados de otras partes del pa\u00eds y del mundo.<\/p>\n<p>Mauricio Vila dio a conocer que el M\u00e9rida Fest tambi\u00e9n incluir\u00e1, por tercer a\u00f1o consecutivo, la Semana de China en M\u00e9rida, con m\u00fasica, danza, arte, canto, gastronom\u00eda y teatro, as\u00ed como el espect\u00e1culo \u201cMemorias de oriente \u00e1rabes\u201d, con m\u00fasica y poes\u00eda.<\/p>\n<p>Asimismo, la gastronom\u00eda tendr\u00e1 como invitado al chef Massimo Botura, propietario del restaurante Oster\u00eda Francescana que clasific\u00f3 como primer mejor restaurante del mundo en The World\u00b4s 50 Best Restaurant Awards 2016.<\/p>\n<p>El presidente municipal agradeci\u00f3 a la Secretar\u00eda de la Cultura el apoyo brindado en los espect\u00e1culos especiales con artistas nacionales, tanto en el M\u00e9rida Fest como en Capital Americana de la Cultura.<\/p>\n<p>A la presentaci\u00f3n del programa asistieron tambi\u00e9n V\u00edctor Hugo Lozano Poveda, coordinador general de Pol\u00edtica Comunitaria, Jos\u00e9 Luis Mart\u00ednez Semerena, regidor presidente de la Comisi\u00f3n de Cultura del Ayuntamiento; Felipe Ahumada Vasconcelos, director de Cultura y la secretaria municipal, Mar\u00eda Dolores Fritz Sierra.<\/p>\n<div class='share-to-whatsapp-wrapper'><div class='share-on-whsp'>Share on: <\/div><a data-text='El alcalde Mauricio Vila da a conocer el programa del M\u00e9rida Fest 2018' data-link='https:\/\/visionpeninsular.com\/mid\/alcalde-mauricio-vila-da-a-conocer-programa-del-merida-fest-2018\/' class='whatsapp-button whatsapp-share'>WhatsApp<\/a><div class='clear '><\/div><\/div>","protected":false},"excerpt":{"rendered":"<p>M\u00e9rida cierra 2017 convertida en una ciudad m\u00e1s amable, incluyente y solidaria gracias a sus actividades culturales M\u00e9rida cierra el a\u00f1o 2017 convertida en una ciudad m\u00e1s amable, incluyente y solidaria y esto es en gran parte resultado de las pol\u00edticas culturales con el sello de inclusi\u00f3n y gobernanza que puso en marcha el Ayuntamiento, &hellip;<\/p>\n","protected":false},"author":5,"featured_media":34338,"comment_status":"open","ping_status":"open","sticky":false,"template":"","format":"standard","meta":{"_mi_skip_tracking":false},"categories":[49,37],"tags":[6272,41,5599,3861,8766],"_links":{"self":[{"href":"https:\/\/visionpeninsular.com\/mid\/wp-json\/wp\/v2\/posts\/34337"}],"collection":[{"href":"https:\/\/visionpeninsular.com\/mid\/wp-json\/wp\/v2\/posts"}],"about":[{"href":"https:\/\/visionpeninsular.com\/mid\/wp-json\/wp\/v2\/types\/post"}],"author":[{"embeddable":true,"href":"https:\/\/visionpeninsular.com\/mid\/wp-json\/wp\/v2\/users\/5"}],"replies":[{"embeddable":true,"href":"https:\/\/visionpeninsular.com\/mid\/wp-json\/wp\/v2\/comments?post=34337"}],"version-history":[{"count":1,"href":"https:\/\/visionpeninsular.com\/mid\/wp-json\/wp\/v2\/posts\/34337\/revisions"}],"predecessor-version":[{"id":34339,"href":"https:\/\/visionpeninsular.com\/mid\/wp-json\/wp\/v2\/posts\/34337\/revisions\/34339"}],"wp:featuredmedia":[{"embeddable":true,"href":"https:\/\/visionpeninsular.com\/mid\/wp-json\/wp\/v2\/media\/34338"}],"wp:attachment":[{"href":"https:\/\/visionpeninsular.com\/mid\/wp-json\/wp\/v2\/media?parent=34337"}],"wp:term":[{"taxonomy":"category","embeddable":true,"href":"https:\/\/visionpeninsular.com\/mid\/wp-json\/wp\/v2\/categories?post=34337"},{"taxonomy":"post_tag","embeddable":true,"href":"https:\/\/visionpeninsular.com\/mid\/wp-json\/wp\/v2\/tags?post=34337"}],"curies":[{"name":"wp","href":"https:\/\/api.w.org\/{rel}","templated":true}]}}