{"id":34287,"date":"2017-12-18T08:44:44","date_gmt":"2017-12-18T14:44:44","guid":{"rendered":"http:\/\/visionpeninsular.com\/mid\/?p=34287"},"modified":"2017-12-18T08:44:44","modified_gmt":"2017-12-18T14:44:44","slug":"ruso-nazi-continua-recluido-en-penal-chetumal","status":"publish","type":"post","link":"https:\/\/visionpeninsular.com\/mid\/ruso-nazi-continua-recluido-en-penal-chetumal\/","title":{"rendered":"El \u201cRuso Nazi\u201d contin\u00faa recluido en el penal de Chetumal"},"content":{"rendered":"<p>En el caso de homicidio de un joven de 20 a\u00f1os que se le imputa al \u201cRuso Nazi\u201d, Aleksei Makeev, la Fiscal\u00eda General del estado ha confirmado que se ha trasladado al extranjero a Canc\u00fan para realizar diversos peritajes psicol\u00f3gicos que ser\u00e1n incorporados a su proceso. Trascendi\u00f3 que la defensa podr\u00eda alcanzar su libertad en los pr\u00f3ximos d\u00edas con el argumento de defensa propia y con ello llevarlo a su pa\u00eds de origen.<\/p>\n<p>La noticia genero revuelo en la capital de Quintan Roo luego de que se diera a conocer por parte de personal del Tribunal de Justicia que un juez de control ya habr\u00eda determinado otorgarle la libertad a Aleksei.<\/p>\n<p>Pero tambi\u00e9n trascendi\u00f3 que este personaje fue trasladado a Canc\u00fan con el objetivo de realizarle diferentes estudios psicol\u00f3gicos que se incorporar\u00e1n como psicol\u00f3gicos para el proceso que se sigue en su caso.<\/p>\n<p>Fue en Mayo de este a\u00f1o cuando Aleksei Makeev, fue atacado por al menos 100 personas que acudieron a su domicilio, luego de una convocatoria en redes sociales, en la calle 39 de la S\u00faper manzana 70, en el centro de Canc\u00fan, para reclamar al Ruso, los malos tratos contra los quintanarroenses.<\/p>\n<p>Luego, un grupo de por lo menos 20 personas ingres\u00f3 a la casa del ruso y le propin\u00f3 una golpiza. Durante el incidente, Aleksei apu\u00f1al\u00f3 a un muchacho de 20 a\u00f1os, quien falleci\u00f3 poco despu\u00e9s.<\/p>\n<p>Posteriormente por propia seguridad del imputado, fue traslado al CERESO de Chetumal en donde se encuentra en un \u00e1rea de segregados para evitar que tenga contacto con la poblaci\u00f3n carcelaria y poner en riesgo su integridad.<\/p>\n<p>Ser\u00e1 en los pr\u00f3ximos d\u00edas cuando se establezca su situaci\u00f3n de libertad, cuando sea tomados en cuenta por parte del Juez de Control los peritajes psicol\u00f3gicos antes mencionados.<\/p>\n<div class='share-to-whatsapp-wrapper'><div class='share-on-whsp'>Share on: <\/div><a data-text='El \u201cRuso Nazi\u201d contin\u00faa recluido en el penal de Chetumal' data-link='https:\/\/visionpeninsular.com\/mid\/ruso-nazi-continua-recluido-en-penal-chetumal\/' class='whatsapp-button whatsapp-share'>WhatsApp<\/a><div class='clear '><\/div><\/div>","protected":false},"excerpt":{"rendered":"<p>En el caso de homicidio de un joven de 20 a\u00f1os que se le imputa al \u201cRuso Nazi\u201d, Aleksei Makeev, la Fiscal\u00eda General del estado ha confirmado que se ha trasladado al extranjero a Canc\u00fan para realizar diversos peritajes psicol\u00f3gicos que ser\u00e1n incorporados a su proceso. Trascendi\u00f3 que la defensa podr\u00eda alcanzar su libertad en &hellip;<\/p>\n","protected":false},"author":1,"featured_media":24687,"comment_status":"open","ping_status":"open","sticky":false,"template":"","format":"standard","meta":{"_mi_skip_tracking":false},"categories":[48],"tags":[9411],"_links":{"self":[{"href":"https:\/\/visionpeninsular.com\/mid\/wp-json\/wp\/v2\/posts\/34287"}],"collection":[{"href":"https:\/\/visionpeninsular.com\/mid\/wp-json\/wp\/v2\/posts"}],"about":[{"href":"https:\/\/visionpeninsular.com\/mid\/wp-json\/wp\/v2\/types\/post"}],"author":[{"embeddable":true,"href":"https:\/\/visionpeninsular.com\/mid\/wp-json\/wp\/v2\/users\/1"}],"replies":[{"embeddable":true,"href":"https:\/\/visionpeninsular.com\/mid\/wp-json\/wp\/v2\/comments?post=34287"}],"version-history":[{"count":1,"href":"https:\/\/visionpeninsular.com\/mid\/wp-json\/wp\/v2\/posts\/34287\/revisions"}],"predecessor-version":[{"id":34288,"href":"https:\/\/visionpeninsular.com\/mid\/wp-json\/wp\/v2\/posts\/34287\/revisions\/34288"}],"wp:featuredmedia":[{"embeddable":true,"href":"https:\/\/visionpeninsular.com\/mid\/wp-json\/wp\/v2\/media\/24687"}],"wp:attachment":[{"href":"https:\/\/visionpeninsular.com\/mid\/wp-json\/wp\/v2\/media?parent=34287"}],"wp:term":[{"taxonomy":"category","embeddable":true,"href":"https:\/\/visionpeninsular.com\/mid\/wp-json\/wp\/v2\/categories?post=34287"},{"taxonomy":"post_tag","embeddable":true,"href":"https:\/\/visionpeninsular.com\/mid\/wp-json\/wp\/v2\/tags?post=34287"}],"curies":[{"name":"wp","href":"https:\/\/api.w.org\/{rel}","templated":true}]}}