{"id":34259,"date":"2017-12-16T14:36:20","date_gmt":"2017-12-16T20:36:20","guid":{"rendered":"http:\/\/visionpeninsular.com\/mid\/?p=34259"},"modified":"2017-12-16T14:36:20","modified_gmt":"2017-12-16T20:36:20","slug":"alumnos-atacados-abejas-africanas","status":"publish","type":"post","link":"https:\/\/visionpeninsular.com\/mid\/alumnos-atacados-abejas-africanas\/","title":{"rendered":"Alumnos atacados por abejas africanas"},"content":{"rendered":"<p>Un ataque de abejas africanas a los alumnos de la escuela primaria \u201cDavid Vivas Romero\u201d, fue reportado el d\u00eda de ayer y la unidad de bomberos 855 acudi\u00f3 al llamado de emergencia.<\/p>\n<p>El director de la primaria, Armando Cabrera Cant\u00fa, coment\u00f3 que llam\u00f3 para pedir la fumigaci\u00f3n de los botes de basura, donde se encontraban las abejas, y de esta manera evitar un mayor n\u00famero de menores afectados;\u00a0 igualmente detectaron un panal de avispas en la parte superior del edificio principal, por lo que los bomberos esperaron que se retiraran los menores para comenzar el retiro del mismo, sin riesgo de afectaci\u00f3n para los presentes.<\/p>\n<p>Los dos menores que fueron picados en diversas partes del cuerpo, no presentaron mayor complicaci\u00f3n que la inflamaci\u00f3n en dedos y brazos, y recibieron atenci\u00f3n m\u00e9dica; a su llegada los bomberos revisaron el recinto para luego fumigar los botes de basura, ya que en esos contenedores se encontraban la mayor\u00eda de las abejas.<\/p>\n<p>Hubo un peque\u00f1o retraso en las actividades, debido a que no contaban con el equipo adecuada para llevar a cabo su cometido, pues tuvieron que esperar la llegada de otra unidad que \u00a0les proporcion\u00f3 el equipo necesario.<\/p>\n<p>&nbsp;<\/p>\n<div class='share-to-whatsapp-wrapper'><div class='share-on-whsp'>Share on: <\/div><a data-text='Alumnos atacados por abejas africanas' data-link='https:\/\/visionpeninsular.com\/mid\/alumnos-atacados-abejas-africanas\/' class='whatsapp-button whatsapp-share'>WhatsApp<\/a><div class='clear '><\/div><\/div>","protected":false},"excerpt":{"rendered":"<p>Un ataque de abejas africanas a los alumnos de la escuela primaria \u201cDavid Vivas Romero\u201d, fue reportado el d\u00eda de ayer y la unidad de bomberos 855 acudi\u00f3 al llamado de emergencia. El director de la primaria, Armando Cabrera Cant\u00fa, coment\u00f3 que llam\u00f3 para pedir la fumigaci\u00f3n de los botes de basura, donde se encontraban &hellip;<\/p>\n","protected":false},"author":5,"featured_media":34260,"comment_status":"open","ping_status":"open","sticky":false,"template":"","format":"standard","meta":{"_mi_skip_tracking":false},"categories":[50,37],"tags":[9402,9404,267,9403],"_links":{"self":[{"href":"https:\/\/visionpeninsular.com\/mid\/wp-json\/wp\/v2\/posts\/34259"}],"collection":[{"href":"https:\/\/visionpeninsular.com\/mid\/wp-json\/wp\/v2\/posts"}],"about":[{"href":"https:\/\/visionpeninsular.com\/mid\/wp-json\/wp\/v2\/types\/post"}],"author":[{"embeddable":true,"href":"https:\/\/visionpeninsular.com\/mid\/wp-json\/wp\/v2\/users\/5"}],"replies":[{"embeddable":true,"href":"https:\/\/visionpeninsular.com\/mid\/wp-json\/wp\/v2\/comments?post=34259"}],"version-history":[{"count":1,"href":"https:\/\/visionpeninsular.com\/mid\/wp-json\/wp\/v2\/posts\/34259\/revisions"}],"predecessor-version":[{"id":34261,"href":"https:\/\/visionpeninsular.com\/mid\/wp-json\/wp\/v2\/posts\/34259\/revisions\/34261"}],"wp:featuredmedia":[{"embeddable":true,"href":"https:\/\/visionpeninsular.com\/mid\/wp-json\/wp\/v2\/media\/34260"}],"wp:attachment":[{"href":"https:\/\/visionpeninsular.com\/mid\/wp-json\/wp\/v2\/media?parent=34259"}],"wp:term":[{"taxonomy":"category","embeddable":true,"href":"https:\/\/visionpeninsular.com\/mid\/wp-json\/wp\/v2\/categories?post=34259"},{"taxonomy":"post_tag","embeddable":true,"href":"https:\/\/visionpeninsular.com\/mid\/wp-json\/wp\/v2\/tags?post=34259"}],"curies":[{"name":"wp","href":"https:\/\/api.w.org\/{rel}","templated":true}]}}