{"id":34187,"date":"2017-12-15T04:58:04","date_gmt":"2017-12-15T10:58:04","guid":{"rendered":"http:\/\/visionpeninsular.com\/mid\/?p=34187"},"modified":"2017-12-15T04:58:04","modified_gmt":"2017-12-15T10:58:04","slug":"cerca-40-empresas-campechanas-solicitaran-a-la-sedeco-apoyo-empresarial","status":"publish","type":"post","link":"https:\/\/visionpeninsular.com\/mid\/cerca-40-empresas-campechanas-solicitaran-a-la-sedeco-apoyo-empresarial\/","title":{"rendered":"Cerca de 40 empresas campechanas solicitar\u00e1n a la Sedeco apoyo empresarial"},"content":{"rendered":"<p>Cerca de 40 empresas instaladas en la avenida Francisco I Madero est\u00e1n en tr\u00e1mite de solicitar cr\u00e9ditos que la Secretar\u00eda de Desarrollo Econ\u00f3mico (Sedeco) ha estado fomentando en caso de que los negocios lo requieran, al momento tan solo contin\u00faan siendo las 4 mencionadas con anterioridad las que aprovecharon este programa de apoyo con tazas porcentuales preferenciales, pero el titular de la dependencia, Jos\u00e9 Domingo Berzunza Esp\u00ednola, afirm\u00f3 que no es acomodar cr\u00e9ditos sino apoyarlos.<\/p>\n<p>En rueda de prensa, dijo que al solicitar el tr\u00e1mite de apoyo empresarial, en todo momento se les da un seguimiento para que este recurso se encamine a favor del crecimiento, sostenimiento, o en su caso, evitar cierres de las mismas debido a las situaciones que se crean en torno a la obra del Distribuidor Vial de la R\u00eda-Gobernadores que va viento en popa.<\/p>\n<p>El funcionario record\u00f3 que son al menos 126 empresas las que se encuentran localizadas en la zona de construcci\u00f3n que va desde la avenida Gobernadores entre avenida Aviaci\u00f3n y Altamirano, as\u00ed como el primer tramo de la avenida Francisco I. Madero.<\/p>\n<div class='share-to-whatsapp-wrapper'><div class='share-on-whsp'>Share on: <\/div><a data-text='Cerca de 40 empresas campechanas solicitar\u00e1n a la Sedeco apoyo empresarial' data-link='https:\/\/visionpeninsular.com\/mid\/cerca-40-empresas-campechanas-solicitaran-a-la-sedeco-apoyo-empresarial\/' class='whatsapp-button whatsapp-share'>WhatsApp<\/a><div class='clear '><\/div><\/div>","protected":false},"excerpt":{"rendered":"<p>Cerca de 40 empresas instaladas en la avenida Francisco I Madero est\u00e1n en tr\u00e1mite de solicitar cr\u00e9ditos que la Secretar\u00eda de Desarrollo Econ\u00f3mico (Sedeco) ha estado fomentando en caso de que los negocios lo requieran, al momento tan solo contin\u00faan siendo las 4 mencionadas con anterioridad las que aprovecharon este programa de apoyo con tazas &hellip;<\/p>\n","protected":false},"author":1,"featured_media":34188,"comment_status":"open","ping_status":"open","sticky":false,"template":"","format":"standard","meta":{"_mi_skip_tracking":false},"categories":[46],"tags":[1956],"_links":{"self":[{"href":"https:\/\/visionpeninsular.com\/mid\/wp-json\/wp\/v2\/posts\/34187"}],"collection":[{"href":"https:\/\/visionpeninsular.com\/mid\/wp-json\/wp\/v2\/posts"}],"about":[{"href":"https:\/\/visionpeninsular.com\/mid\/wp-json\/wp\/v2\/types\/post"}],"author":[{"embeddable":true,"href":"https:\/\/visionpeninsular.com\/mid\/wp-json\/wp\/v2\/users\/1"}],"replies":[{"embeddable":true,"href":"https:\/\/visionpeninsular.com\/mid\/wp-json\/wp\/v2\/comments?post=34187"}],"version-history":[{"count":1,"href":"https:\/\/visionpeninsular.com\/mid\/wp-json\/wp\/v2\/posts\/34187\/revisions"}],"predecessor-version":[{"id":34189,"href":"https:\/\/visionpeninsular.com\/mid\/wp-json\/wp\/v2\/posts\/34187\/revisions\/34189"}],"wp:featuredmedia":[{"embeddable":true,"href":"https:\/\/visionpeninsular.com\/mid\/wp-json\/wp\/v2\/media\/34188"}],"wp:attachment":[{"href":"https:\/\/visionpeninsular.com\/mid\/wp-json\/wp\/v2\/media?parent=34187"}],"wp:term":[{"taxonomy":"category","embeddable":true,"href":"https:\/\/visionpeninsular.com\/mid\/wp-json\/wp\/v2\/categories?post=34187"},{"taxonomy":"post_tag","embeddable":true,"href":"https:\/\/visionpeninsular.com\/mid\/wp-json\/wp\/v2\/tags?post=34187"}],"curies":[{"name":"wp","href":"https:\/\/api.w.org\/{rel}","templated":true}]}}