{"id":3374,"date":"2016-05-12T06:18:27","date_gmt":"2016-05-12T11:18:27","guid":{"rendered":"http:\/\/visionpeninsular.com\/mid\/?p=3374"},"modified":"2016-05-12T06:18:27","modified_gmt":"2016-05-12T11:18:27","slug":"gobierno-del-estado-impulsa-la-lucha-contra-el-rezago-educativo","status":"publish","type":"post","link":"https:\/\/visionpeninsular.com\/mid\/gobierno-del-estado-impulsa-la-lucha-contra-el-rezago-educativo\/","title":{"rendered":"Gobierno del Estado impulsa la lucha contra el rezago educativo"},"content":{"rendered":"<p>El gobernador Alejandro Moreno C\u00e1rdenas y la coordinadora nacional de Prospera, Paula Hern\u00e1ndez Olmos encabezaron la ceremonia de aplicaci\u00f3n de 500 ex\u00e1menes del Programa Especial de Certificaci\u00f3n de Educaci\u00f3n B\u00e1sica (PEC), e inauguraron la feria &#8220;Vas a mover a M\u00e9xico&#8221; que tuvo el prop\u00f3sito de poner al alcance de j\u00f3venes bachilleres de la regi\u00f3n sur, la oferta estatal educativa de nivel superior y de programas de desarrollo de proyectos productivos.<\/p>\n<p>En el marco de una gira de trabajo por la cabecera municipal, donde se reuni\u00f3 con familias beneficiarias del programa Prospera, el mandatario estatal hizo un reconocimiento a las mujeres campechanas por ser ejemplo de tenacidad, trabajo y compromiso, y pidi\u00f3 a los j\u00f3venes que se preparen y no desaprovechen la oportunidad que tienen de estudiar ya que representan a la generaci\u00f3n del desarrollo y la transformaci\u00f3n del estado y del pa\u00eds.<\/p>\n<p>Al reunirse, primero con 500 mujeres y hombres que presentar\u00edan ex\u00e1menes de certificaci\u00f3n de educaci\u00f3n b\u00e1sica, y posteriormente con m\u00e1s de mil j\u00f3venes alumnos de nivel media superior del sur del estado que asistieron a la feria &#8220;Vas a mover a M\u00e9xico&#8221;, recalc\u00f3 que el trabajo que se realiza de forma coordinada con el respaldo del presidente Enrique Pe\u00f1a Nieto, es para impulsar el desarrollo del estado y generarle nuevas oportunidades y mejores condiciones de vida a los campechanos.<\/p>\n<p>En las instalaciones de la unidad deportiva &#8220;Ulises Sansores&#8221;, Moreno C\u00e1rdenas expres\u00f3 su reconocimiento a los adultos que presentar\u00edan ex\u00e1menes del PEC, en especial a las mujeres, porque est\u00e1n demostrando que para prepararse no hay edad ni tiempo, &#8220;sino que cuando se quiere se puede&#8221;, en tanto, en el edificio del Instituto Tecnol\u00f3gico Superior de Champot\u00f3n, reiter\u00f3 a los j\u00f3venes bachilleres su llamado a tener una actitud inquebrantable y convicciones claras de que las cosas se pueden alcanzar.<\/p>\n<p>El titular del Ejecutivo estatal coment\u00f3 que este mismo a\u00f1o anunciar\u00e1 el programa de becas de transporte escolar que beneficiar\u00e1 a todos los j\u00f3venes estudiantes de la entidad, incluyendo a quienes habiten en comunidades rurales apartadas.<\/p>\n<p>Por su parte, la coordinadora nacional de Prospera, durante la feria &#8220;Vas a mover a M\u00e9xico&#8221;, dio a conocer a los estudiantes de preparatoria que el pr\u00f3ximo ciclo escolar el gobierno de Enrique Pe\u00f1a Nieto pondr\u00e1 en marcha a nivel nacional un programa que permitir\u00e1 a los j\u00f3venes continuar con una carrera profesional.<\/p>\n<p>Pidi\u00f3 a los estudiantes que egresar\u00e1n de la preparatoria, que una vez que est\u00e9n inscritos en la instituci\u00f3n de nivel superior de su elecci\u00f3n, ingresen a la p\u00e1gina www.subes.gob.mx para que se registren y soliciten la beca de educaci\u00f3n superior &#8220;Inicia tu carrera, SEP-Prospera&#8221;.<\/p>\n<p>Indic\u00f3 que la beca es un compromiso del presidente Pe\u00f1a Nieto y les asegurar\u00e1 la entrega mensual de un apoyo de 750 pesos y 200 pesos m\u00e1s para el transporte escolar.<\/p>\n<p>&#8220;A nosotros como gobierno nos toca la oportunidad de apoyarlos para que concluyan sus carreras&#8221;, se\u00f1al\u00f3 Hern\u00e1ndez Olmos al significar que con el respaldo de las diversas instituciones de gobierno, las familias Prospera tambi\u00e9n puedan impulsar sus proyectos productivos.<\/p>\n<p>Dijo que en breve, por mandato de Pe\u00f1a Nieto, todas las familias Prospera se beneficiar\u00e1n con el Seguro Popular, y que en materia de alimentaci\u00f3n ya se les est\u00e1 respaldando con suplementos alimenticios para los ni\u00f1os que tienen entre seis y 59 meses de edad.<\/p>\n<p>En el evento de presentaci\u00f3n de ex\u00e1menes del PEC, el secretario de Educaci\u00f3n, Ricardo Medina Farf\u00e1n indic\u00f3 que la certificaci\u00f3n permite que m\u00e1s personas tengan la oportunidad de aspirar a mejores oportunidades laborales, y coment\u00f3 que a trav\u00e9s de este programa en lo que va de 2016, un total de tres mil 173 personas han recibido su certificaci\u00f3n de Primaria y Secundaria; con esta cifra se ha superado la meta prevista de que dos mil 555 personas salgan del rezago educativo.<\/p>\n<p>En la feria &#8220;Vas a mover a M\u00e9xico&#8221;, se instalaron 65 stands de instituciones educativas de nivel superior, t\u00e9cnicas e incluso de formaci\u00f3n militar; fundaciones de becas y de dependencias de los tres \u00f3rdenes de gobierno que cuentan con programas de impulso de proyectos productivos con el prop\u00f3sito de que los j\u00f3venes de nivel medio superior contin\u00faen su formaci\u00f3n acad\u00e9mica o emprendan un negocio.<\/p>\n<p>Por su parte, el delegado de Sedesol, Christian Castro Bello subray\u00f3 que en el estado se trabaja para dar m\u00e1s y mejores oportunidades a los j\u00f3venes, hacer crecer el Estado y contribuir con el progreso del pa\u00eds.<\/p>\n<p>En tanto, Sarita Chan Zapata, originaria de Iturbide, Hopelch\u00e9n, reconoci\u00f3 la oportunidad que tuvo de estudiar con las becas que le otorg\u00f3 Prospera y ahora, que ha concluido su carrera profesional, la est\u00e1 respaldando con la apertura de una empresa dedicada a la fabricaci\u00f3n y comercializaci\u00f3n de prendas t\u00edpicas de Campeche.<\/p>\n<p>A ambos eventos asistieron el alcalde de Champot\u00f3n, Ra\u00fal Uribe Haydar; el secretario de Desarrollo Social y Humano, Jorge Alberto Chanona Echeverr\u00eda; los delegados de la Secretar\u00eda de Gobernaci\u00f3n en el Estado, Ricardo Ch\u00e1vez P\u00e9rez; de Prospera, Vicente Cruz Ram\u00edrez; de Liconsa, Alonso Pacheco Uc\u00e1n, y los directores del IEEA, Marco Avil\u00e9s Herrera, y del Instituto Tecnol\u00f3gico Superior de Champot\u00f3n, Daniel Cruz Le\u00f3n.<\/p>\n<div class='share-to-whatsapp-wrapper'><div class='share-on-whsp'>Share on: <\/div><a data-text='Gobierno del Estado impulsa la lucha contra el rezago educativo' data-link='https:\/\/visionpeninsular.com\/mid\/gobierno-del-estado-impulsa-la-lucha-contra-el-rezago-educativo\/' class='whatsapp-button whatsapp-share'>WhatsApp<\/a><div class='clear '><\/div><\/div>","protected":false},"excerpt":{"rendered":"<p>El gobernador Alejandro Moreno C\u00e1rdenas y la coordinadora nacional de Prospera, Paula Hern\u00e1ndez Olmos encabezaron la ceremonia de aplicaci\u00f3n de 500 ex\u00e1menes del Programa Especial de Certificaci\u00f3n de Educaci\u00f3n B\u00e1sica (PEC), e inauguraron la feria &#8220;Vas a mover a M\u00e9xico&#8221; que tuvo el prop\u00f3sito de poner al alcance de j\u00f3venes bachilleres de la regi\u00f3n sur, &hellip;<\/p>\n","protected":false},"author":1,"featured_media":3375,"comment_status":"open","ping_status":"open","sticky":false,"template":"","format":"standard","meta":{"_mi_skip_tracking":false},"categories":[46],"tags":[735],"_links":{"self":[{"href":"https:\/\/visionpeninsular.com\/mid\/wp-json\/wp\/v2\/posts\/3374"}],"collection":[{"href":"https:\/\/visionpeninsular.com\/mid\/wp-json\/wp\/v2\/posts"}],"about":[{"href":"https:\/\/visionpeninsular.com\/mid\/wp-json\/wp\/v2\/types\/post"}],"author":[{"embeddable":true,"href":"https:\/\/visionpeninsular.com\/mid\/wp-json\/wp\/v2\/users\/1"}],"replies":[{"embeddable":true,"href":"https:\/\/visionpeninsular.com\/mid\/wp-json\/wp\/v2\/comments?post=3374"}],"version-history":[{"count":1,"href":"https:\/\/visionpeninsular.com\/mid\/wp-json\/wp\/v2\/posts\/3374\/revisions"}],"predecessor-version":[{"id":3376,"href":"https:\/\/visionpeninsular.com\/mid\/wp-json\/wp\/v2\/posts\/3374\/revisions\/3376"}],"wp:featuredmedia":[{"embeddable":true,"href":"https:\/\/visionpeninsular.com\/mid\/wp-json\/wp\/v2\/media\/3375"}],"wp:attachment":[{"href":"https:\/\/visionpeninsular.com\/mid\/wp-json\/wp\/v2\/media?parent=3374"}],"wp:term":[{"taxonomy":"category","embeddable":true,"href":"https:\/\/visionpeninsular.com\/mid\/wp-json\/wp\/v2\/categories?post=3374"},{"taxonomy":"post_tag","embeddable":true,"href":"https:\/\/visionpeninsular.com\/mid\/wp-json\/wp\/v2\/tags?post=3374"}],"curies":[{"name":"wp","href":"https:\/\/api.w.org\/{rel}","templated":true}]}}